{"id":1222,"count":3,"description":"La Gran is a contemporary art gallery founded in 2015 and located in Carabanchel, Madrid, since autumn 2019. It represents and supports the work and careers of a group of mid-career and emerging artists, mostly women. It shares with them an interest in the interaction of aesthetic phenomena with their social and political contexts, and a worldview in which the unsettling, the strange, and the dark do not preclude formal beauty. The gallery's founders are: Marina N\u00fa\u00f1ez, Enrique Marty, Luis P\u00e9rez Calvo, Elisa Terroba, Laura Salguero, Valentina Vac\u00f3, and Javier Rodr\u00edguez Pino.\r\n\r\nLa Gran is directed by its founder, Pedro Gallego de Lerma.","link":"https:\/\/proyector.info\/en\/venue\/la-gran-gallery\/","name":"La Gran Gallery","slug":"la-gran-gallery","taxonomy":"venue","meta":[],"yoast_head":"<!-- This site is optimized with the Yoast SEO plugin v27.4 - https:\/\/yoast.com\/product\/yoast-seo-wordpress\/ -->\n<title>La Gran Gallery - PROYECTOR<\/title>\n<meta name=\"robots\" content=\"index, follow, max-snippet:-1, max-image-preview:large, max-video-preview:-1\" \/>\n<link rel=\"canonical\" href=\"https:\/\/proyector.info\/en\/venue\/la-gran-gallery\/\" \/>\n<meta property=\"og:locale\" content=\"en_US\" \/>\n<meta property=\"og:type\" content=\"article\" \/>\n<meta property=\"og:title\" content=\"La Gran Gallery - PROYECTOR\" \/>\n<meta property=\"og:description\" content=\"La Gran is a contemporary art gallery founded in 2015 and located in Carabanchel, Madrid, since autumn 2019. It represents and supports the work and careers of a group of mid-career and emerging artists, mostly women. It shares with them an interest in the interaction of aesthetic phenomena with their social and political contexts, and a worldview in which the unsettling, the strange, and the dark do not preclude formal beauty. The gallery&#8217;s founders are: Marina N\u00fa\u00f1ez, Enrique Marty, Luis P\u00e9rez Calvo, Elisa Terroba, Laura Salguero, Valentina Vac\u00f3, and Javier Rodr\u00edguez Pino. La Gran is directed by its founder, Pedro Gallego de Lerma.\" \/>\n<meta property=\"og:url\" content=\"https:\/\/proyector.info\/en\/venue\/la-gran-gallery\/\" \/>\n<meta property=\"og:site_name\" content=\"PROYECTOR\" \/>\n<meta property=\"og:image\" content=\"https:\/\/proyector.info\/wp-content\/uploads\/2025\/07\/cropped-proyector_icono.png\" \/>\n\t<meta property=\"og:image:width\" content=\"512\" \/>\n\t<meta property=\"og:image:height\" content=\"512\" \/>\n\t<meta property=\"og:image:type\" content=\"image\/png\" \/>\n<meta name=\"twitter:card\" content=\"summary_large_image\" \/>\n<meta name=\"twitter:site\" content=\"@PROYECTOR_fest\" \/>\n<script type=\"application\/ld+json\" class=\"yoast-schema-graph\">{\"@context\":\"https:\\\/\\\/schema.org\",\"@graph\":[{\"@type\":\"CollectionPage\",\"@id\":\"https:\\\/\\\/proyector.info\\\/en\\\/venue\\\/la-gran-gallery\\\/\",\"url\":\"https:\\\/\\\/proyector.info\\\/en\\\/venue\\\/la-gran-gallery\\\/\",\"name\":\"La Gran Gallery - PROYECTOR\",\"isPartOf\":{\"@id\":\"https:\\\/\\\/proyector.info\\\/en\\\/#website\"},\"breadcrumb\":{\"@id\":\"https:\\\/\\\/proyector.info\\\/en\\\/venue\\\/la-gran-gallery\\\/#breadcrumb\"},\"inLanguage\":\"en-US\"},{\"@type\":\"BreadcrumbList\",\"@id\":\"https:\\\/\\\/proyector.info\\\/en\\\/venue\\\/la-gran-gallery\\\/#breadcrumb\",\"itemListElement\":[{\"@type\":\"ListItem\",\"position\":1,\"name\":\"Portada\",\"item\":\"https:\\\/\\\/proyector.info\\\/en\\\/\"},{\"@type\":\"ListItem\",\"position\":2,\"name\":\"La Gran Gallery\"}]},{\"@type\":\"WebSite\",\"@id\":\"https:\\\/\\\/proyector.info\\\/en\\\/#website\",\"url\":\"https:\\\/\\\/proyector.info\\\/en\\\/\",\"name\":\"PROYECTOR\",\"description\":\"Plataforma de Imagen en Movimiento\",\"publisher\":{\"@id\":\"https:\\\/\\\/proyector.info\\\/en\\\/#organization\"},\"potentialAction\":[{\"@type\":\"SearchAction\",\"target\":{\"@type\":\"EntryPoint\",\"urlTemplate\":\"https:\\\/\\\/proyector.info\\\/en\\\/?s={search_term_string}\"},\"query-input\":{\"@type\":\"PropertyValueSpecification\",\"valueRequired\":true,\"valueName\":\"search_term_string\"}}],\"inLanguage\":\"en-US\"},{\"@type\":\"Organization\",\"@id\":\"https:\\\/\\\/proyector.info\\\/en\\\/#organization\",\"name\":\"PROYECTOR\",\"url\":\"https:\\\/\\\/proyector.info\\\/en\\\/\",\"logo\":{\"@type\":\"ImageObject\",\"inLanguage\":\"en-US\",\"@id\":\"https:\\\/\\\/proyector.info\\\/en\\\/#\\\/schema\\\/logo\\\/image\\\/\",\"url\":\"https:\\\/\\\/proyector.info\\\/wp-content\\\/uploads\\\/2025\\\/07\\\/cropped-proyector_icono.png\",\"contentUrl\":\"https:\\\/\\\/proyector.info\\\/wp-content\\\/uploads\\\/2025\\\/07\\\/cropped-proyector_icono.png\",\"width\":512,\"height\":512,\"caption\":\"PROYECTOR\"},\"image\":{\"@id\":\"https:\\\/\\\/proyector.info\\\/en\\\/#\\\/schema\\\/logo\\\/image\\\/\"},\"sameAs\":[\"https:\\\/\\\/www.facebook.com\\\/proyectorvideoartfestival\\\/\",\"https:\\\/\\\/x.com\\\/PROYECTOR_fest\",\"https:\\\/\\\/www.instagram.com\\\/proyector_videoartplatform\\\/\",\"https:\\\/\\\/www.tiktok.com\\\/@proyector_fest\",\"https:\\\/\\\/www.youtube.com\\\/user\\\/proyectorvideoart\",\"https:\\\/\\\/vimeo.com\\\/proyectorvideoart\",\"https:\\\/\\\/www.linkedin.com\\\/company\\\/proyector\\\/\"]}]}<\/script>\n<!-- \/ Yoast SEO plugin. -->","yoast_head_json":{"title":"La Gran Gallery - PROYECTOR","robots":{"index":"index","follow":"follow","max-snippet":"max-snippet:-1","max-image-preview":"max-image-preview:large","max-video-preview":"max-video-preview:-1"},"canonical":"https:\/\/proyector.info\/en\/venue\/la-gran-gallery\/","og_locale":"en_US","og_type":"article","og_title":"La Gran Gallery - PROYECTOR","og_description":"La Gran is a contemporary art gallery founded in 2015 and located in Carabanchel, Madrid, since autumn 2019. It represents and supports the work and careers of a group of mid-career and emerging artists, mostly women. It shares with them an interest in the interaction of aesthetic phenomena with their social and political contexts, and a worldview in which the unsettling, the strange, and the dark do not preclude formal beauty. The gallery&#8217;s founders are: Marina N\u00fa\u00f1ez, Enrique Marty, Luis P\u00e9rez Calvo, Elisa Terroba, Laura Salguero, Valentina Vac\u00f3, and Javier Rodr\u00edguez Pino. La Gran is directed by its founder, Pedro Gallego de Lerma.","og_url":"https:\/\/proyector.info\/en\/venue\/la-gran-gallery\/","og_site_name":"PROYECTOR","og_image":[{"width":512,"height":512,"url":"https:\/\/proyector.info\/wp-content\/uploads\/2025\/07\/cropped-proyector_icono.png","type":"image\/png"}],"twitter_card":"summary_large_image","twitter_site":"@PROYECTOR_fest","schema":{"@context":"https:\/\/schema.org","@graph":[{"@type":"CollectionPage","@id":"https:\/\/proyector.info\/en\/venue\/la-gran-gallery\/","url":"https:\/\/proyector.info\/en\/venue\/la-gran-gallery\/","name":"La Gran Gallery - PROYECTOR","isPartOf":{"@id":"https:\/\/proyector.info\/en\/#website"},"breadcrumb":{"@id":"https:\/\/proyector.info\/en\/venue\/la-gran-gallery\/#breadcrumb"},"inLanguage":"en-US"},{"@type":"BreadcrumbList","@id":"https:\/\/proyector.info\/en\/venue\/la-gran-gallery\/#breadcrumb","itemListElement":[{"@type":"ListItem","position":1,"name":"Portada","item":"https:\/\/proyector.info\/en\/"},{"@type":"ListItem","position":2,"name":"La Gran Gallery"}]},{"@type":"WebSite","@id":"https:\/\/proyector.info\/en\/#website","url":"https:\/\/proyector.info\/en\/","name":"PROYECTOR","description":"Plataforma de Imagen en Movimiento","publisher":{"@id":"https:\/\/proyector.info\/en\/#organization"},"potentialAction":[{"@type":"SearchAction","target":{"@type":"EntryPoint","urlTemplate":"https:\/\/proyector.info\/en\/?s={search_term_string}"},"query-input":{"@type":"PropertyValueSpecification","valueRequired":true,"valueName":"search_term_string"}}],"inLanguage":"en-US"},{"@type":"Organization","@id":"https:\/\/proyector.info\/en\/#organization","name":"PROYECTOR","url":"https:\/\/proyector.info\/en\/","logo":{"@type":"ImageObject","inLanguage":"en-US","@id":"https:\/\/proyector.info\/en\/#\/schema\/logo\/image\/","url":"https:\/\/proyector.info\/wp-content\/uploads\/2025\/07\/cropped-proyector_icono.png","contentUrl":"https:\/\/proyector.info\/wp-content\/uploads\/2025\/07\/cropped-proyector_icono.png","width":512,"height":512,"caption":"PROYECTOR"},"image":{"@id":"https:\/\/proyector.info\/en\/#\/schema\/logo\/image\/"},"sameAs":["https:\/\/www.facebook.com\/proyectorvideoartfestival\/","https:\/\/x.com\/PROYECTOR_fest","https:\/\/www.instagram.com\/proyector_videoartplatform\/","https:\/\/www.tiktok.com\/@proyector_fest","https:\/\/www.youtube.com\/user\/proyectorvideoart","https:\/\/vimeo.com\/proyectorvideoart","https:\/\/www.linkedin.com\/company\/proyector\/"]}]}},"_links":{"self":[{"href":"https:\/\/proyector.info\/en\/wp-json\/wp\/v2\/venue\/1222","targetHints":{"allow":["GET"]}}],"collection":[{"href":"https:\/\/proyector.info\/en\/wp-json\/wp\/v2\/venue"}],"about":[{"href":"https:\/\/proyector.info\/en\/wp-json\/wp\/v2\/taxonomies\/venue"}],"wp:post_type":[{"href":"https:\/\/proyector.info\/en\/wp-json\/wp\/v2\/posts?venue=1222"},{"href":"https:\/\/proyector.info\/en\/wp-json\/wp\/v2\/screening?venue=1222"}],"curies":[{"name":"wp","href":"https:\/\/api.w.org\/{rel}","templated":true}]}}