{"id":8302,"date":"2025-05-22T12:42:25","date_gmt":"2025-05-22T10:42:25","guid":{"rendered":"https:\/\/proyector.info\/2025\/05\/22\/encuentro-recorrido-off\/"},"modified":"2025-05-22T12:45:24","modified_gmt":"2025-05-22T10:45:24","slug":"encuentro-recorrido-off","status":"publish","type":"post","link":"https:\/\/proyector.info\/en\/encuentro-recorrido-off\/","title":{"rendered":"Encuentro recorrido OFF"},"content":{"rendered":"\n<p class=\"wp-block-paragraph\">Coordinated by <strong>Gonzalo de Benito.<\/strong><\/p>\n\n\n\n<p class=\"wp-block-paragraph\">The event will be conducted in Spanish and English without translation and will be streamed live.<\/p>\n\n\n\n<p class=\"wp-block-paragraph\">The event will consist of a round table where artists, curators, and directors of artistic spaces participating in the OFF circuit will present their exhibitions. It will serve both as an opportunity for different profiles in the art sector to explain their work and for synergies to arise among them and between the audience and the speakers..<\/p>\n\n\n\n<p class=\"wp-block-paragraph\">Confirmed participants:<br><strong>Daniel Silvo<\/strong> and artists <strong>Meltem \u015eahin<\/strong>, <strong>Ecem Dilan K\u00f6se<\/strong>, and <strong>Burcu G\u00f6k\u00e7ek<\/strong><br>Alfonso Fern\u00e1ndez from <strong>Ey! Studio<\/strong><br>Ra\u00fal Hidalgo from <strong>Nave Oporto<\/strong><br><strong>Delirio Estudio <\/strong>(Elena Lavell\u00e9s, Julio Galeote, Jorge Garc\u00eda, and Avelino Sala)<br><strong>Atelier Crom\u00e1tico <\/strong>(Claudia Bonollo)<\/p>\n\n\n\n<p class=\"wp-block-paragraph\">The event will be held in Spanish and English without translation. It will be streamed online.<\/p>\n","protected":false},"excerpt":{"rendered":"<p>Coordinated by Gonzalo de Benito. The event will be conducted in Spanish and English without translation and will be streamed<\/p>\n","protected":false},"author":1,"featured_media":8308,"comment_status":"closed","ping_status":"closed","sticky":false,"template":"","format":"standard","meta":{"footnotes":""},"categories":[302],"tags":[],"event":[287],"venue":[234],"class_list":["post-8302","post","type-post","status-publish","format-standard","has-post-thumbnail","hentry","category-sin-categoria-2","event-proyector-2024-en","venue-sala-alcala-31-en"],"yoast_head":"<!-- This site is optimized with the Yoast SEO plugin v27.4 - https:\/\/yoast.com\/product\/yoast-seo-wordpress\/ -->\n<title>Encuentro recorrido OFF - PROYECTOR<\/title>\n<meta name=\"robots\" content=\"index, follow, max-snippet:-1, max-image-preview:large, max-video-preview:-1\" \/>\n<link rel=\"canonical\" href=\"https:\/\/proyector.info\/en\/encuentro-recorrido-off\/\" \/>\n<meta property=\"og:locale\" content=\"en_US\" \/>\n<meta property=\"og:type\" content=\"article\" \/>\n<meta property=\"og:title\" content=\"Encuentro recorrido OFF - PROYECTOR\" \/>\n<meta property=\"og:description\" content=\"Coordinated by Gonzalo de Benito. The event will be conducted in Spanish and English without translation and will be streamed\" \/>\n<meta property=\"og:url\" content=\"https:\/\/proyector.info\/en\/encuentro-recorrido-off\/\" \/>\n<meta property=\"og:site_name\" content=\"PROYECTOR\" \/>\n<meta property=\"article:publisher\" content=\"https:\/\/www.facebook.com\/proyectorvideoartfestival\/\" \/>\n<meta property=\"article:published_time\" content=\"2025-05-22T10:42:25+00:00\" \/>\n<meta property=\"article:modified_time\" content=\"2025-05-22T10:45:24+00:00\" \/>\n<meta property=\"og:image\" content=\"https:\/\/proyector.info\/wp-content\/uploads\/2025\/05\/PROYECTOR2024_Cartel_ENCUENTRO-off-1-1536x649-1.jpg\" \/>\n\t<meta property=\"og:image:width\" content=\"1536\" \/>\n\t<meta property=\"og:image:height\" content=\"649\" \/>\n\t<meta property=\"og:image:type\" content=\"image\/jpeg\" \/>\n<meta name=\"author\" content=\"proyector_admin\" \/>\n<meta name=\"twitter:card\" content=\"summary_large_image\" \/>\n<meta name=\"twitter:creator\" content=\"@PROYECTOR_fest\" \/>\n<meta name=\"twitter:site\" content=\"@PROYECTOR_fest\" \/>\n<meta name=\"twitter:label1\" content=\"Written by\" \/>\n\t<meta name=\"twitter:data1\" content=\"proyector_admin\" \/>\n\t<meta name=\"twitter:label2\" content=\"Est. reading time\" \/>\n\t<meta name=\"twitter:data2\" content=\"1 minute\" \/>\n<script type=\"application\/ld+json\" class=\"yoast-schema-graph\">{\"@context\":\"https:\\\/\\\/schema.org\",\"@graph\":[{\"@type\":\"Article\",\"@id\":\"https:\\\/\\\/proyector.info\\\/en\\\/encuentro-recorrido-off\\\/#article\",\"isPartOf\":{\"@id\":\"https:\\\/\\\/proyector.info\\\/en\\\/encuentro-recorrido-off\\\/\"},\"author\":{\"name\":\"proyector_admin\",\"@id\":\"https:\\\/\\\/proyector.info\\\/en\\\/#\\\/schema\\\/person\\\/13cea6acafbaf2f5d74c61e1c29e6034\"},\"headline\":\"Encuentro recorrido OFF\",\"datePublished\":\"2025-05-22T10:42:25+00:00\",\"dateModified\":\"2025-05-22T10:45:24+00:00\",\"mainEntityOfPage\":{\"@id\":\"https:\\\/\\\/proyector.info\\\/en\\\/encuentro-recorrido-off\\\/\"},\"wordCount\":144,\"publisher\":{\"@id\":\"https:\\\/\\\/proyector.info\\\/en\\\/#organization\"},\"image\":{\"@id\":\"https:\\\/\\\/proyector.info\\\/en\\\/encuentro-recorrido-off\\\/#primaryimage\"},\"thumbnailUrl\":\"https:\\\/\\\/proyector.info\\\/wp-content\\\/uploads\\\/2025\\\/05\\\/PROYECTOR2024_Cartel_ENCUENTRO-off-1-1536x649-1.jpg\",\"articleSection\":[\"Sin categor\u00eda\"],\"inLanguage\":\"en-US\"},{\"@type\":\"WebPage\",\"@id\":\"https:\\\/\\\/proyector.info\\\/en\\\/encuentro-recorrido-off\\\/\",\"url\":\"https:\\\/\\\/proyector.info\\\/en\\\/encuentro-recorrido-off\\\/\",\"name\":\"Encuentro recorrido OFF - PROYECTOR\",\"isPartOf\":{\"@id\":\"https:\\\/\\\/proyector.info\\\/en\\\/#website\"},\"primaryImageOfPage\":{\"@id\":\"https:\\\/\\\/proyector.info\\\/en\\\/encuentro-recorrido-off\\\/#primaryimage\"},\"image\":{\"@id\":\"https:\\\/\\\/proyector.info\\\/en\\\/encuentro-recorrido-off\\\/#primaryimage\"},\"thumbnailUrl\":\"https:\\\/\\\/proyector.info\\\/wp-content\\\/uploads\\\/2025\\\/05\\\/PROYECTOR2024_Cartel_ENCUENTRO-off-1-1536x649-1.jpg\",\"datePublished\":\"2025-05-22T10:42:25+00:00\",\"dateModified\":\"2025-05-22T10:45:24+00:00\",\"breadcrumb\":{\"@id\":\"https:\\\/\\\/proyector.info\\\/en\\\/encuentro-recorrido-off\\\/#breadcrumb\"},\"inLanguage\":\"en-US\",\"potentialAction\":[{\"@type\":\"ReadAction\",\"target\":[\"https:\\\/\\\/proyector.info\\\/en\\\/encuentro-recorrido-off\\\/\"]}]},{\"@type\":\"ImageObject\",\"inLanguage\":\"en-US\",\"@id\":\"https:\\\/\\\/proyector.info\\\/en\\\/encuentro-recorrido-off\\\/#primaryimage\",\"url\":\"https:\\\/\\\/proyector.info\\\/wp-content\\\/uploads\\\/2025\\\/05\\\/PROYECTOR2024_Cartel_ENCUENTRO-off-1-1536x649-1.jpg\",\"contentUrl\":\"https:\\\/\\\/proyector.info\\\/wp-content\\\/uploads\\\/2025\\\/05\\\/PROYECTOR2024_Cartel_ENCUENTRO-off-1-1536x649-1.jpg\",\"width\":1536,\"height\":649},{\"@type\":\"BreadcrumbList\",\"@id\":\"https:\\\/\\\/proyector.info\\\/en\\\/encuentro-recorrido-off\\\/#breadcrumb\",\"itemListElement\":[{\"@type\":\"ListItem\",\"position\":1,\"name\":\"Portada\",\"item\":\"https:\\\/\\\/proyector.info\\\/en\\\/\"},{\"@type\":\"ListItem\",\"position\":2,\"name\":\"Encuentro recorrido OFF\"}]},{\"@type\":\"WebSite\",\"@id\":\"https:\\\/\\\/proyector.info\\\/en\\\/#website\",\"url\":\"https:\\\/\\\/proyector.info\\\/en\\\/\",\"name\":\"PROYECTOR\",\"description\":\"Plataforma de Imagen en Movimiento\",\"publisher\":{\"@id\":\"https:\\\/\\\/proyector.info\\\/en\\\/#organization\"},\"potentialAction\":[{\"@type\":\"SearchAction\",\"target\":{\"@type\":\"EntryPoint\",\"urlTemplate\":\"https:\\\/\\\/proyector.info\\\/en\\\/?s={search_term_string}\"},\"query-input\":{\"@type\":\"PropertyValueSpecification\",\"valueRequired\":true,\"valueName\":\"search_term_string\"}}],\"inLanguage\":\"en-US\"},{\"@type\":\"Organization\",\"@id\":\"https:\\\/\\\/proyector.info\\\/en\\\/#organization\",\"name\":\"PROYECTOR\",\"url\":\"https:\\\/\\\/proyector.info\\\/en\\\/\",\"logo\":{\"@type\":\"ImageObject\",\"inLanguage\":\"en-US\",\"@id\":\"https:\\\/\\\/proyector.info\\\/en\\\/#\\\/schema\\\/logo\\\/image\\\/\",\"url\":\"https:\\\/\\\/proyector.info\\\/wp-content\\\/uploads\\\/2025\\\/07\\\/cropped-proyector_icono.png\",\"contentUrl\":\"https:\\\/\\\/proyector.info\\\/wp-content\\\/uploads\\\/2025\\\/07\\\/cropped-proyector_icono.png\",\"width\":512,\"height\":512,\"caption\":\"PROYECTOR\"},\"image\":{\"@id\":\"https:\\\/\\\/proyector.info\\\/en\\\/#\\\/schema\\\/logo\\\/image\\\/\"},\"sameAs\":[\"https:\\\/\\\/www.facebook.com\\\/proyectorvideoartfestival\\\/\",\"https:\\\/\\\/x.com\\\/PROYECTOR_fest\",\"https:\\\/\\\/www.instagram.com\\\/proyector_videoartplatform\\\/\",\"https:\\\/\\\/www.tiktok.com\\\/@proyector_fest\",\"https:\\\/\\\/www.youtube.com\\\/user\\\/proyectorvideoart\",\"https:\\\/\\\/vimeo.com\\\/proyectorvideoart\",\"https:\\\/\\\/www.linkedin.com\\\/company\\\/proyector\\\/\"]},{\"@type\":\"Person\",\"@id\":\"https:\\\/\\\/proyector.info\\\/en\\\/#\\\/schema\\\/person\\\/13cea6acafbaf2f5d74c61e1c29e6034\",\"name\":\"proyector_admin\",\"image\":{\"@type\":\"ImageObject\",\"inLanguage\":\"en-US\",\"@id\":\"https:\\\/\\\/secure.gravatar.com\\\/avatar\\\/9b937505221297e25cefeb3c2d1f2aba5165355fb0778955fc209dc6b38729a3?s=96&d=mm&r=g\",\"url\":\"https:\\\/\\\/secure.gravatar.com\\\/avatar\\\/9b937505221297e25cefeb3c2d1f2aba5165355fb0778955fc209dc6b38729a3?s=96&d=mm&r=g\",\"contentUrl\":\"https:\\\/\\\/secure.gravatar.com\\\/avatar\\\/9b937505221297e25cefeb3c2d1f2aba5165355fb0778955fc209dc6b38729a3?s=96&d=mm&r=g\",\"caption\":\"proyector_admin\"},\"sameAs\":[\"https:\\\/\\\/proyector.info\"]}]}<\/script>\n<!-- \/ Yoast SEO plugin. -->","yoast_head_json":{"title":"Encuentro recorrido OFF - PROYECTOR","robots":{"index":"index","follow":"follow","max-snippet":"max-snippet:-1","max-image-preview":"max-image-preview:large","max-video-preview":"max-video-preview:-1"},"canonical":"https:\/\/proyector.info\/en\/encuentro-recorrido-off\/","og_locale":"en_US","og_type":"article","og_title":"Encuentro recorrido OFF - PROYECTOR","og_description":"Coordinated by Gonzalo de Benito. The event will be conducted in Spanish and English without translation and will be streamed","og_url":"https:\/\/proyector.info\/en\/encuentro-recorrido-off\/","og_site_name":"PROYECTOR","article_publisher":"https:\/\/www.facebook.com\/proyectorvideoartfestival\/","article_published_time":"2025-05-22T10:42:25+00:00","article_modified_time":"2025-05-22T10:45:24+00:00","og_image":[{"width":1536,"height":649,"url":"https:\/\/proyector.info\/wp-content\/uploads\/2025\/05\/PROYECTOR2024_Cartel_ENCUENTRO-off-1-1536x649-1.jpg","type":"image\/jpeg"}],"author":"proyector_admin","twitter_card":"summary_large_image","twitter_creator":"@PROYECTOR_fest","twitter_site":"@PROYECTOR_fest","twitter_misc":{"Written by":"proyector_admin","Est. reading time":"1 minute"},"schema":{"@context":"https:\/\/schema.org","@graph":[{"@type":"Article","@id":"https:\/\/proyector.info\/en\/encuentro-recorrido-off\/#article","isPartOf":{"@id":"https:\/\/proyector.info\/en\/encuentro-recorrido-off\/"},"author":{"name":"proyector_admin","@id":"https:\/\/proyector.info\/en\/#\/schema\/person\/13cea6acafbaf2f5d74c61e1c29e6034"},"headline":"Encuentro recorrido OFF","datePublished":"2025-05-22T10:42:25+00:00","dateModified":"2025-05-22T10:45:24+00:00","mainEntityOfPage":{"@id":"https:\/\/proyector.info\/en\/encuentro-recorrido-off\/"},"wordCount":144,"publisher":{"@id":"https:\/\/proyector.info\/en\/#organization"},"image":{"@id":"https:\/\/proyector.info\/en\/encuentro-recorrido-off\/#primaryimage"},"thumbnailUrl":"https:\/\/proyector.info\/wp-content\/uploads\/2025\/05\/PROYECTOR2024_Cartel_ENCUENTRO-off-1-1536x649-1.jpg","articleSection":["Sin categor\u00eda"],"inLanguage":"en-US"},{"@type":"WebPage","@id":"https:\/\/proyector.info\/en\/encuentro-recorrido-off\/","url":"https:\/\/proyector.info\/en\/encuentro-recorrido-off\/","name":"Encuentro recorrido OFF - PROYECTOR","isPartOf":{"@id":"https:\/\/proyector.info\/en\/#website"},"primaryImageOfPage":{"@id":"https:\/\/proyector.info\/en\/encuentro-recorrido-off\/#primaryimage"},"image":{"@id":"https:\/\/proyector.info\/en\/encuentro-recorrido-off\/#primaryimage"},"thumbnailUrl":"https:\/\/proyector.info\/wp-content\/uploads\/2025\/05\/PROYECTOR2024_Cartel_ENCUENTRO-off-1-1536x649-1.jpg","datePublished":"2025-05-22T10:42:25+00:00","dateModified":"2025-05-22T10:45:24+00:00","breadcrumb":{"@id":"https:\/\/proyector.info\/en\/encuentro-recorrido-off\/#breadcrumb"},"inLanguage":"en-US","potentialAction":[{"@type":"ReadAction","target":["https:\/\/proyector.info\/en\/encuentro-recorrido-off\/"]}]},{"@type":"ImageObject","inLanguage":"en-US","@id":"https:\/\/proyector.info\/en\/encuentro-recorrido-off\/#primaryimage","url":"https:\/\/proyector.info\/wp-content\/uploads\/2025\/05\/PROYECTOR2024_Cartel_ENCUENTRO-off-1-1536x649-1.jpg","contentUrl":"https:\/\/proyector.info\/wp-content\/uploads\/2025\/05\/PROYECTOR2024_Cartel_ENCUENTRO-off-1-1536x649-1.jpg","width":1536,"height":649},{"@type":"BreadcrumbList","@id":"https:\/\/proyector.info\/en\/encuentro-recorrido-off\/#breadcrumb","itemListElement":[{"@type":"ListItem","position":1,"name":"Portada","item":"https:\/\/proyector.info\/en\/"},{"@type":"ListItem","position":2,"name":"Encuentro recorrido OFF"}]},{"@type":"WebSite","@id":"https:\/\/proyector.info\/en\/#website","url":"https:\/\/proyector.info\/en\/","name":"PROYECTOR","description":"Plataforma de Imagen en Movimiento","publisher":{"@id":"https:\/\/proyector.info\/en\/#organization"},"potentialAction":[{"@type":"SearchAction","target":{"@type":"EntryPoint","urlTemplate":"https:\/\/proyector.info\/en\/?s={search_term_string}"},"query-input":{"@type":"PropertyValueSpecification","valueRequired":true,"valueName":"search_term_string"}}],"inLanguage":"en-US"},{"@type":"Organization","@id":"https:\/\/proyector.info\/en\/#organization","name":"PROYECTOR","url":"https:\/\/proyector.info\/en\/","logo":{"@type":"ImageObject","inLanguage":"en-US","@id":"https:\/\/proyector.info\/en\/#\/schema\/logo\/image\/","url":"https:\/\/proyector.info\/wp-content\/uploads\/2025\/07\/cropped-proyector_icono.png","contentUrl":"https:\/\/proyector.info\/wp-content\/uploads\/2025\/07\/cropped-proyector_icono.png","width":512,"height":512,"caption":"PROYECTOR"},"image":{"@id":"https:\/\/proyector.info\/en\/#\/schema\/logo\/image\/"},"sameAs":["https:\/\/www.facebook.com\/proyectorvideoartfestival\/","https:\/\/x.com\/PROYECTOR_fest","https:\/\/www.instagram.com\/proyector_videoartplatform\/","https:\/\/www.tiktok.com\/@proyector_fest","https:\/\/www.youtube.com\/user\/proyectorvideoart","https:\/\/vimeo.com\/proyectorvideoart","https:\/\/www.linkedin.com\/company\/proyector\/"]},{"@type":"Person","@id":"https:\/\/proyector.info\/en\/#\/schema\/person\/13cea6acafbaf2f5d74c61e1c29e6034","name":"proyector_admin","image":{"@type":"ImageObject","inLanguage":"en-US","@id":"https:\/\/secure.gravatar.com\/avatar\/9b937505221297e25cefeb3c2d1f2aba5165355fb0778955fc209dc6b38729a3?s=96&d=mm&r=g","url":"https:\/\/secure.gravatar.com\/avatar\/9b937505221297e25cefeb3c2d1f2aba5165355fb0778955fc209dc6b38729a3?s=96&d=mm&r=g","contentUrl":"https:\/\/secure.gravatar.com\/avatar\/9b937505221297e25cefeb3c2d1f2aba5165355fb0778955fc209dc6b38729a3?s=96&d=mm&r=g","caption":"proyector_admin"},"sameAs":["https:\/\/proyector.info"]}]}},"jetpack_featured_media_url":"https:\/\/proyector.info\/wp-content\/uploads\/2025\/05\/PROYECTOR2024_Cartel_ENCUENTRO-off-1-1536x649-1.jpg","wps_subtitle":"","_links":{"self":[{"href":"https:\/\/proyector.info\/en\/wp-json\/wp\/v2\/posts\/8302","targetHints":{"allow":["GET"]}}],"collection":[{"href":"https:\/\/proyector.info\/en\/wp-json\/wp\/v2\/posts"}],"about":[{"href":"https:\/\/proyector.info\/en\/wp-json\/wp\/v2\/types\/post"}],"author":[{"embeddable":true,"href":"https:\/\/proyector.info\/en\/wp-json\/wp\/v2\/users\/1"}],"replies":[{"embeddable":true,"href":"https:\/\/proyector.info\/en\/wp-json\/wp\/v2\/comments?post=8302"}],"version-history":[{"count":1,"href":"https:\/\/proyector.info\/en\/wp-json\/wp\/v2\/posts\/8302\/revisions"}],"predecessor-version":[{"id":8307,"href":"https:\/\/proyector.info\/en\/wp-json\/wp\/v2\/posts\/8302\/revisions\/8307"}],"wp:featuredmedia":[{"embeddable":true,"href":"https:\/\/proyector.info\/en\/wp-json\/wp\/v2\/media\/8308"}],"wp:attachment":[{"href":"https:\/\/proyector.info\/en\/wp-json\/wp\/v2\/media?parent=8302"}],"wp:term":[{"taxonomy":"category","embeddable":true,"href":"https:\/\/proyector.info\/en\/wp-json\/wp\/v2\/categories?post=8302"},{"taxonomy":"post_tag","embeddable":true,"href":"https:\/\/proyector.info\/en\/wp-json\/wp\/v2\/tags?post=8302"},{"taxonomy":"event","embeddable":true,"href":"https:\/\/proyector.info\/en\/wp-json\/wp\/v2\/event?post=8302"},{"taxonomy":"venue","embeddable":true,"href":"https:\/\/proyector.info\/en\/wp-json\/wp\/v2\/venue?post=8302"}],"curies":[{"name":"wp","href":"https:\/\/api.w.org\/{rel}","templated":true}]}}