{"id":8276,"date":"2025-05-22T12:23:13","date_gmt":"2025-05-22T10:23:13","guid":{"rendered":"https:\/\/proyector.info\/2025\/05\/22\/encuentro-profesional\/"},"modified":"2025-05-22T12:24:21","modified_gmt":"2025-05-22T10:24:21","slug":"encuentro-profesional","status":"publish","type":"post","link":"https:\/\/proyector.info\/en\/encuentro-profesional\/","title":{"rendered":"Professional Meeting"},"content":{"rendered":"\n<p class=\"wp-block-paragraph\"><strong>Professionalism vs. Precariousness of the Moving Image<\/strong><\/p>\n\n\n\n<p class=\"wp-block-paragraph\">This meeting is a round table with the participation of multiple voices and perspectives from artistic practice, teaching and curating, and the management of artistic spaces, who will exchange ideas on the moving image in the professional context. What are the realities of the media arts sector, from training spaces to the practice of an artistic career? What are the interweavings of artistic circuits for the creation of videographic and related work, and the conditions in which it operates and subsists? These and other questions will be addressed in open dialogue with the public.<\/p>\n\n\n\n<p class=\"wp-block-paragraph\">Speakers:<strong> Jos\u00e9 Manuel Ruiz, \u00c1ngel Rold\u00e1n y Ana Esteve Reig<\/strong><br>Moderator: <strong>Gabriela Marti<\/strong><\/p>\n\n\n\n<p class=\"wp-block-paragraph\">Registration in advance to ensure seating capacity.<\/p>\n\n\n\n<p class=\"wp-block-paragraph\">The meeting will be held in Spanish and can be watched both in person and online via streaming.<\/p>\n\n\n\n<p class=\"wp-block-paragraph\"><\/p>\n","protected":false},"excerpt":{"rendered":"<p>Professionalism vs. Precariousness of the Moving Image This meeting is a round table with the participation of multiple voices and<\/p>\n","protected":false},"author":1,"featured_media":8275,"comment_status":"closed","ping_status":"closed","sticky":false,"template":"","format":"standard","meta":{"footnotes":""},"categories":[302],"tags":[],"event":[287],"venue":[234],"class_list":["post-8276","post","type-post","status-publish","format-standard","has-post-thumbnail","hentry","category-sin-categoria-2","event-proyector-2024-en","venue-sala-alcala-31-en"],"yoast_head":"<!-- This site is optimized with the Yoast SEO plugin v27.4 - https:\/\/yoast.com\/product\/yoast-seo-wordpress\/ -->\n<title>Professional Meeting - PROYECTOR<\/title>\n<meta name=\"robots\" content=\"index, follow, max-snippet:-1, max-image-preview:large, max-video-preview:-1\" \/>\n<link rel=\"canonical\" href=\"https:\/\/proyector.info\/en\/encuentro-profesional\/\" \/>\n<meta property=\"og:locale\" content=\"en_US\" \/>\n<meta property=\"og:type\" content=\"article\" \/>\n<meta property=\"og:title\" content=\"Professional Meeting - PROYECTOR\" \/>\n<meta property=\"og:description\" content=\"Professionalism vs. Precariousness of the Moving Image This meeting is a round table with the participation of multiple voices and\" \/>\n<meta property=\"og:url\" content=\"https:\/\/proyector.info\/en\/encuentro-profesional\/\" \/>\n<meta property=\"og:site_name\" content=\"PROYECTOR\" \/>\n<meta property=\"article:publisher\" content=\"https:\/\/www.facebook.com\/proyectorvideoartfestival\/\" \/>\n<meta property=\"article:published_time\" content=\"2025-05-22T10:23:13+00:00\" \/>\n<meta property=\"article:modified_time\" content=\"2025-05-22T10:24:21+00:00\" \/>\n<meta property=\"og:image\" content=\"https:\/\/proyector.info\/wp-content\/uploads\/2025\/05\/20sep_encuentro-1536x649-1.jpg\" \/>\n\t<meta property=\"og:image:width\" content=\"1536\" \/>\n\t<meta property=\"og:image:height\" content=\"649\" \/>\n\t<meta property=\"og:image:type\" content=\"image\/jpeg\" \/>\n<meta name=\"author\" content=\"proyector_admin\" \/>\n<meta name=\"twitter:card\" content=\"summary_large_image\" \/>\n<meta name=\"twitter:creator\" content=\"@PROYECTOR_fest\" \/>\n<meta name=\"twitter:site\" content=\"@PROYECTOR_fest\" \/>\n<meta name=\"twitter:label1\" content=\"Written by\" \/>\n\t<meta name=\"twitter:data1\" content=\"proyector_admin\" \/>\n\t<meta name=\"twitter:label2\" content=\"Est. reading time\" \/>\n\t<meta name=\"twitter:data2\" content=\"1 minute\" \/>\n<script type=\"application\/ld+json\" class=\"yoast-schema-graph\">{\"@context\":\"https:\\\/\\\/schema.org\",\"@graph\":[{\"@type\":\"Article\",\"@id\":\"https:\\\/\\\/proyector.info\\\/en\\\/encuentro-profesional\\\/#article\",\"isPartOf\":{\"@id\":\"https:\\\/\\\/proyector.info\\\/en\\\/encuentro-profesional\\\/\"},\"author\":{\"name\":\"proyector_admin\",\"@id\":\"https:\\\/\\\/proyector.info\\\/en\\\/#\\\/schema\\\/person\\\/13cea6acafbaf2f5d74c61e1c29e6034\"},\"headline\":\"Professional Meeting\",\"datePublished\":\"2025-05-22T10:23:13+00:00\",\"dateModified\":\"2025-05-22T10:24:21+00:00\",\"mainEntityOfPage\":{\"@id\":\"https:\\\/\\\/proyector.info\\\/en\\\/encuentro-profesional\\\/\"},\"wordCount\":142,\"publisher\":{\"@id\":\"https:\\\/\\\/proyector.info\\\/en\\\/#organization\"},\"image\":{\"@id\":\"https:\\\/\\\/proyector.info\\\/en\\\/encuentro-profesional\\\/#primaryimage\"},\"thumbnailUrl\":\"https:\\\/\\\/proyector.info\\\/wp-content\\\/uploads\\\/2025\\\/05\\\/20sep_encuentro-1536x649-1.jpg\",\"articleSection\":[\"Sin categor\u00eda\"],\"inLanguage\":\"en-US\"},{\"@type\":\"WebPage\",\"@id\":\"https:\\\/\\\/proyector.info\\\/en\\\/encuentro-profesional\\\/\",\"url\":\"https:\\\/\\\/proyector.info\\\/en\\\/encuentro-profesional\\\/\",\"name\":\"Professional Meeting - PROYECTOR\",\"isPartOf\":{\"@id\":\"https:\\\/\\\/proyector.info\\\/en\\\/#website\"},\"primaryImageOfPage\":{\"@id\":\"https:\\\/\\\/proyector.info\\\/en\\\/encuentro-profesional\\\/#primaryimage\"},\"image\":{\"@id\":\"https:\\\/\\\/proyector.info\\\/en\\\/encuentro-profesional\\\/#primaryimage\"},\"thumbnailUrl\":\"https:\\\/\\\/proyector.info\\\/wp-content\\\/uploads\\\/2025\\\/05\\\/20sep_encuentro-1536x649-1.jpg\",\"datePublished\":\"2025-05-22T10:23:13+00:00\",\"dateModified\":\"2025-05-22T10:24:21+00:00\",\"breadcrumb\":{\"@id\":\"https:\\\/\\\/proyector.info\\\/en\\\/encuentro-profesional\\\/#breadcrumb\"},\"inLanguage\":\"en-US\",\"potentialAction\":[{\"@type\":\"ReadAction\",\"target\":[\"https:\\\/\\\/proyector.info\\\/en\\\/encuentro-profesional\\\/\"]}]},{\"@type\":\"ImageObject\",\"inLanguage\":\"en-US\",\"@id\":\"https:\\\/\\\/proyector.info\\\/en\\\/encuentro-profesional\\\/#primaryimage\",\"url\":\"https:\\\/\\\/proyector.info\\\/wp-content\\\/uploads\\\/2025\\\/05\\\/20sep_encuentro-1536x649-1.jpg\",\"contentUrl\":\"https:\\\/\\\/proyector.info\\\/wp-content\\\/uploads\\\/2025\\\/05\\\/20sep_encuentro-1536x649-1.jpg\",\"width\":1536,\"height\":649},{\"@type\":\"BreadcrumbList\",\"@id\":\"https:\\\/\\\/proyector.info\\\/en\\\/encuentro-profesional\\\/#breadcrumb\",\"itemListElement\":[{\"@type\":\"ListItem\",\"position\":1,\"name\":\"Portada\",\"item\":\"https:\\\/\\\/proyector.info\\\/en\\\/\"},{\"@type\":\"ListItem\",\"position\":2,\"name\":\"Professional Meeting\"}]},{\"@type\":\"WebSite\",\"@id\":\"https:\\\/\\\/proyector.info\\\/en\\\/#website\",\"url\":\"https:\\\/\\\/proyector.info\\\/en\\\/\",\"name\":\"PROYECTOR\",\"description\":\"Plataforma de Imagen en Movimiento\",\"publisher\":{\"@id\":\"https:\\\/\\\/proyector.info\\\/en\\\/#organization\"},\"potentialAction\":[{\"@type\":\"SearchAction\",\"target\":{\"@type\":\"EntryPoint\",\"urlTemplate\":\"https:\\\/\\\/proyector.info\\\/en\\\/?s={search_term_string}\"},\"query-input\":{\"@type\":\"PropertyValueSpecification\",\"valueRequired\":true,\"valueName\":\"search_term_string\"}}],\"inLanguage\":\"en-US\"},{\"@type\":\"Organization\",\"@id\":\"https:\\\/\\\/proyector.info\\\/en\\\/#organization\",\"name\":\"PROYECTOR\",\"url\":\"https:\\\/\\\/proyector.info\\\/en\\\/\",\"logo\":{\"@type\":\"ImageObject\",\"inLanguage\":\"en-US\",\"@id\":\"https:\\\/\\\/proyector.info\\\/en\\\/#\\\/schema\\\/logo\\\/image\\\/\",\"url\":\"https:\\\/\\\/proyector.info\\\/wp-content\\\/uploads\\\/2025\\\/07\\\/cropped-proyector_icono.png\",\"contentUrl\":\"https:\\\/\\\/proyector.info\\\/wp-content\\\/uploads\\\/2025\\\/07\\\/cropped-proyector_icono.png\",\"width\":512,\"height\":512,\"caption\":\"PROYECTOR\"},\"image\":{\"@id\":\"https:\\\/\\\/proyector.info\\\/en\\\/#\\\/schema\\\/logo\\\/image\\\/\"},\"sameAs\":[\"https:\\\/\\\/www.facebook.com\\\/proyectorvideoartfestival\\\/\",\"https:\\\/\\\/x.com\\\/PROYECTOR_fest\",\"https:\\\/\\\/www.instagram.com\\\/proyector_videoartplatform\\\/\",\"https:\\\/\\\/www.tiktok.com\\\/@proyector_fest\",\"https:\\\/\\\/www.youtube.com\\\/user\\\/proyectorvideoart\",\"https:\\\/\\\/vimeo.com\\\/proyectorvideoart\",\"https:\\\/\\\/www.linkedin.com\\\/company\\\/proyector\\\/\"]},{\"@type\":\"Person\",\"@id\":\"https:\\\/\\\/proyector.info\\\/en\\\/#\\\/schema\\\/person\\\/13cea6acafbaf2f5d74c61e1c29e6034\",\"name\":\"proyector_admin\",\"image\":{\"@type\":\"ImageObject\",\"inLanguage\":\"en-US\",\"@id\":\"https:\\\/\\\/secure.gravatar.com\\\/avatar\\\/9b937505221297e25cefeb3c2d1f2aba5165355fb0778955fc209dc6b38729a3?s=96&d=mm&r=g\",\"url\":\"https:\\\/\\\/secure.gravatar.com\\\/avatar\\\/9b937505221297e25cefeb3c2d1f2aba5165355fb0778955fc209dc6b38729a3?s=96&d=mm&r=g\",\"contentUrl\":\"https:\\\/\\\/secure.gravatar.com\\\/avatar\\\/9b937505221297e25cefeb3c2d1f2aba5165355fb0778955fc209dc6b38729a3?s=96&d=mm&r=g\",\"caption\":\"proyector_admin\"},\"sameAs\":[\"https:\\\/\\\/proyector.info\"]}]}<\/script>\n<!-- \/ Yoast SEO plugin. -->","yoast_head_json":{"title":"Professional Meeting - PROYECTOR","robots":{"index":"index","follow":"follow","max-snippet":"max-snippet:-1","max-image-preview":"max-image-preview:large","max-video-preview":"max-video-preview:-1"},"canonical":"https:\/\/proyector.info\/en\/encuentro-profesional\/","og_locale":"en_US","og_type":"article","og_title":"Professional Meeting - PROYECTOR","og_description":"Professionalism vs. Precariousness of the Moving Image This meeting is a round table with the participation of multiple voices and","og_url":"https:\/\/proyector.info\/en\/encuentro-profesional\/","og_site_name":"PROYECTOR","article_publisher":"https:\/\/www.facebook.com\/proyectorvideoartfestival\/","article_published_time":"2025-05-22T10:23:13+00:00","article_modified_time":"2025-05-22T10:24:21+00:00","og_image":[{"width":1536,"height":649,"url":"https:\/\/proyector.info\/wp-content\/uploads\/2025\/05\/20sep_encuentro-1536x649-1.jpg","type":"image\/jpeg"}],"author":"proyector_admin","twitter_card":"summary_large_image","twitter_creator":"@PROYECTOR_fest","twitter_site":"@PROYECTOR_fest","twitter_misc":{"Written by":"proyector_admin","Est. reading time":"1 minute"},"schema":{"@context":"https:\/\/schema.org","@graph":[{"@type":"Article","@id":"https:\/\/proyector.info\/en\/encuentro-profesional\/#article","isPartOf":{"@id":"https:\/\/proyector.info\/en\/encuentro-profesional\/"},"author":{"name":"proyector_admin","@id":"https:\/\/proyector.info\/en\/#\/schema\/person\/13cea6acafbaf2f5d74c61e1c29e6034"},"headline":"Professional Meeting","datePublished":"2025-05-22T10:23:13+00:00","dateModified":"2025-05-22T10:24:21+00:00","mainEntityOfPage":{"@id":"https:\/\/proyector.info\/en\/encuentro-profesional\/"},"wordCount":142,"publisher":{"@id":"https:\/\/proyector.info\/en\/#organization"},"image":{"@id":"https:\/\/proyector.info\/en\/encuentro-profesional\/#primaryimage"},"thumbnailUrl":"https:\/\/proyector.info\/wp-content\/uploads\/2025\/05\/20sep_encuentro-1536x649-1.jpg","articleSection":["Sin categor\u00eda"],"inLanguage":"en-US"},{"@type":"WebPage","@id":"https:\/\/proyector.info\/en\/encuentro-profesional\/","url":"https:\/\/proyector.info\/en\/encuentro-profesional\/","name":"Professional Meeting - PROYECTOR","isPartOf":{"@id":"https:\/\/proyector.info\/en\/#website"},"primaryImageOfPage":{"@id":"https:\/\/proyector.info\/en\/encuentro-profesional\/#primaryimage"},"image":{"@id":"https:\/\/proyector.info\/en\/encuentro-profesional\/#primaryimage"},"thumbnailUrl":"https:\/\/proyector.info\/wp-content\/uploads\/2025\/05\/20sep_encuentro-1536x649-1.jpg","datePublished":"2025-05-22T10:23:13+00:00","dateModified":"2025-05-22T10:24:21+00:00","breadcrumb":{"@id":"https:\/\/proyector.info\/en\/encuentro-profesional\/#breadcrumb"},"inLanguage":"en-US","potentialAction":[{"@type":"ReadAction","target":["https:\/\/proyector.info\/en\/encuentro-profesional\/"]}]},{"@type":"ImageObject","inLanguage":"en-US","@id":"https:\/\/proyector.info\/en\/encuentro-profesional\/#primaryimage","url":"https:\/\/proyector.info\/wp-content\/uploads\/2025\/05\/20sep_encuentro-1536x649-1.jpg","contentUrl":"https:\/\/proyector.info\/wp-content\/uploads\/2025\/05\/20sep_encuentro-1536x649-1.jpg","width":1536,"height":649},{"@type":"BreadcrumbList","@id":"https:\/\/proyector.info\/en\/encuentro-profesional\/#breadcrumb","itemListElement":[{"@type":"ListItem","position":1,"name":"Portada","item":"https:\/\/proyector.info\/en\/"},{"@type":"ListItem","position":2,"name":"Professional Meeting"}]},{"@type":"WebSite","@id":"https:\/\/proyector.info\/en\/#website","url":"https:\/\/proyector.info\/en\/","name":"PROYECTOR","description":"Plataforma de Imagen en Movimiento","publisher":{"@id":"https:\/\/proyector.info\/en\/#organization"},"potentialAction":[{"@type":"SearchAction","target":{"@type":"EntryPoint","urlTemplate":"https:\/\/proyector.info\/en\/?s={search_term_string}"},"query-input":{"@type":"PropertyValueSpecification","valueRequired":true,"valueName":"search_term_string"}}],"inLanguage":"en-US"},{"@type":"Organization","@id":"https:\/\/proyector.info\/en\/#organization","name":"PROYECTOR","url":"https:\/\/proyector.info\/en\/","logo":{"@type":"ImageObject","inLanguage":"en-US","@id":"https:\/\/proyector.info\/en\/#\/schema\/logo\/image\/","url":"https:\/\/proyector.info\/wp-content\/uploads\/2025\/07\/cropped-proyector_icono.png","contentUrl":"https:\/\/proyector.info\/wp-content\/uploads\/2025\/07\/cropped-proyector_icono.png","width":512,"height":512,"caption":"PROYECTOR"},"image":{"@id":"https:\/\/proyector.info\/en\/#\/schema\/logo\/image\/"},"sameAs":["https:\/\/www.facebook.com\/proyectorvideoartfestival\/","https:\/\/x.com\/PROYECTOR_fest","https:\/\/www.instagram.com\/proyector_videoartplatform\/","https:\/\/www.tiktok.com\/@proyector_fest","https:\/\/www.youtube.com\/user\/proyectorvideoart","https:\/\/vimeo.com\/proyectorvideoart","https:\/\/www.linkedin.com\/company\/proyector\/"]},{"@type":"Person","@id":"https:\/\/proyector.info\/en\/#\/schema\/person\/13cea6acafbaf2f5d74c61e1c29e6034","name":"proyector_admin","image":{"@type":"ImageObject","inLanguage":"en-US","@id":"https:\/\/secure.gravatar.com\/avatar\/9b937505221297e25cefeb3c2d1f2aba5165355fb0778955fc209dc6b38729a3?s=96&d=mm&r=g","url":"https:\/\/secure.gravatar.com\/avatar\/9b937505221297e25cefeb3c2d1f2aba5165355fb0778955fc209dc6b38729a3?s=96&d=mm&r=g","contentUrl":"https:\/\/secure.gravatar.com\/avatar\/9b937505221297e25cefeb3c2d1f2aba5165355fb0778955fc209dc6b38729a3?s=96&d=mm&r=g","caption":"proyector_admin"},"sameAs":["https:\/\/proyector.info"]}]}},"jetpack_featured_media_url":"https:\/\/proyector.info\/wp-content\/uploads\/2025\/05\/20sep_encuentro-1536x649-1.jpg","wps_subtitle":"","_links":{"self":[{"href":"https:\/\/proyector.info\/en\/wp-json\/wp\/v2\/posts\/8276","targetHints":{"allow":["GET"]}}],"collection":[{"href":"https:\/\/proyector.info\/en\/wp-json\/wp\/v2\/posts"}],"about":[{"href":"https:\/\/proyector.info\/en\/wp-json\/wp\/v2\/types\/post"}],"author":[{"embeddable":true,"href":"https:\/\/proyector.info\/en\/wp-json\/wp\/v2\/users\/1"}],"replies":[{"embeddable":true,"href":"https:\/\/proyector.info\/en\/wp-json\/wp\/v2\/comments?post=8276"}],"version-history":[{"count":1,"href":"https:\/\/proyector.info\/en\/wp-json\/wp\/v2\/posts\/8276\/revisions"}],"predecessor-version":[{"id":8277,"href":"https:\/\/proyector.info\/en\/wp-json\/wp\/v2\/posts\/8276\/revisions\/8277"}],"wp:featuredmedia":[{"embeddable":true,"href":"https:\/\/proyector.info\/en\/wp-json\/wp\/v2\/media\/8275"}],"wp:attachment":[{"href":"https:\/\/proyector.info\/en\/wp-json\/wp\/v2\/media?parent=8276"}],"wp:term":[{"taxonomy":"category","embeddable":true,"href":"https:\/\/proyector.info\/en\/wp-json\/wp\/v2\/categories?post=8276"},{"taxonomy":"post_tag","embeddable":true,"href":"https:\/\/proyector.info\/en\/wp-json\/wp\/v2\/tags?post=8276"},{"taxonomy":"event","embeddable":true,"href":"https:\/\/proyector.info\/en\/wp-json\/wp\/v2\/event?post=8276"},{"taxonomy":"venue","embeddable":true,"href":"https:\/\/proyector.info\/en\/wp-json\/wp\/v2\/venue?post=8276"}],"curies":[{"name":"wp","href":"https:\/\/api.w.org\/{rel}","templated":true}]}}