{"id":7659,"date":"2025-05-09T14:16:12","date_gmt":"2025-05-09T12:16:12","guid":{"rendered":"https:\/\/proyector.info\/2025\/05\/09\/festival-2025\/"},"modified":"2025-11-27T22:38:37","modified_gmt":"2025-11-27T21:38:37","slug":"festival-2025","status":"publish","type":"post","link":"https:\/\/proyector.info\/en\/festival-2025\/","title":{"rendered":"FESTIVAL 2025"},"content":{"rendered":"\n<p class=\"wp-block-paragraph\"><strong>2025 arrives filled with moving images with a new edition of the PROYECTOR Festival: New Hertzog Da Silva Awards and the 3rd Edition of VERTICAL &lt;25<\/strong><\/p>\n\n\n\n<p class=\"wp-block-paragraph\">The <strong>PROYECTOR<\/strong> platform showcases and distributes the most experimental and cutting-edge proposals from the international scene. The Festival is known for its non-cinemanormative works\u2014pieces that fall outside traditional formats and engage directly with space and the active viewer.<\/p>\n\n\n\n<p class=\"wp-block-paragraph\">From <strong>September 10 to 21, 2025<\/strong>, more than twenty venues across Madrid will intersect to present new languages and formats through around <strong>100 works of expanded cinema, performance, video art, site-specific pieces, interactive installations<\/strong>, and unique premieres presented for the first time at the Festival.<\/p>\n\n\n\n<p class=\"wp-block-paragraph\">PROYECTOR collaborates with both independent and established spaces, spanning from the city center to surrounding neighborhoods of the capital. These venues are filled with video art proposals curated by the PROYECTOR platform as well as by the galleries and museums that form part of the <strong>OFF Circuit<\/strong>.<\/p>\n\n\n\n<p class=\"wp-block-paragraph\">Additionally, PROYECTOR works with other festivals focused on experimental video art and moving image, such as <a href=\"https:\/\/ars.electronica.art\/news\/en\/\">ARS ELECTRONICA<\/a>, <a href=\"https:\/\/www.butff.nl\/\">BUTFF,<\/a> <a href=\"http:\/\/dvdproject.info\/\">DVD Project<\/a>,&nbsp;<a href=\"https:\/\/www.facebook.com\/groups\/1458275387720836\/about\">Fonlad Festival<\/a>, <a href=\"https:\/\/lecube-art.com\/?lang=en\">Le Cube &#8211; Independent Art Room<\/a>,&nbsp;<a href=\"https:\/\/loops-expanded.com\/\">Loops.Expanded<\/a>,&nbsp;<a href=\"https:\/\/playvideoarte.com\/\">PLAY<\/a><\/p>\n\n\n\n<p class=\"wp-block-paragraph\"><strong>But there&#8217;s more!<\/strong><\/p>\n\n\n\n<p class=\"wp-block-paragraph\">In its <strong>18th edition<\/strong>, the <strong>Hertzog Da Silva Awards<\/strong> return! A total of <strong>6 prizes<\/strong> will be awarded to works selected through the public call by this edition\u2019s jury. Each year, the jury is made up of international professionals specializing in experimental video art. For this edition, the jury includes both artists and curators.<\/p>\n\n\n\n<p class=\"wp-block-paragraph\">Thanks to <strong>Hertzog Da Silva,<\/strong> the VERTICAL &lt;25 call for young creators who embrace verticality will allow the winner to enjoy a production residency in 2026 and the exhibition of their work at the next edition of the PROYECTOR Festival.<\/p>\n\n\n\n<p class=\"wp-block-paragraph\">PROYECTOR continues to support Madrid&#8217;s contemporary scene, collaborating with more than 25 spaces this year and <strong>opening doors to artist studios.<\/strong><\/p>\n\n\n\n<p class=\"wp-block-paragraph\">The Festival is committed to <strong>equality<\/strong> and to the <strong>internationalization of a free and accessible culture<\/strong>. That\u2019s why each year, more than half of the selected works are by <strong>women artists<\/strong> from up to <strong>30 different countries<\/strong>, and all festival activities are <strong>free of charge<\/strong>.<\/p>\n\n\n\n<p class=\"wp-block-paragraph\">Additionally, <strong>all events<\/strong>\u2014including <strong>openings, talks, performances, and workshops<\/strong>\u2014will be streamed online (via <strong>YouTube and Vimeo<\/strong>) to ensure international accessibility.<\/p>\n\n\n\n<p class=\"wp-block-paragraph\">The platform collaborates with <strong>universities<\/strong>, offering younger generations the opportunity to gain training and integrate into the cultural sector. We are grateful for the <strong>support and sponsorship<\/strong> of associations, galleries, foundations, private companies, embassies, venues, and above all, the <strong>artists who make it all possible<\/strong>.<\/p>\n\n\n\n<hr class=\"wp-block-separator has-alpha-channel-opacity\"\/>\n\n\n\n<h2 class=\"wp-block-heading\">ARTISTS<\/h2>\n\n\n\n<p class=\"wp-block-paragraph\"><a href=\"https:\/\/proyector.info\/en\/profile\/anna-gimein\/\">Anna Gimein<\/a>, <a href=\"https:\/\/proyector.info\/en\/profile\/avelino-sala\/\">Avelino Sala<\/a>, <a href=\"https:\/\/proyector.info\/en\/profile\/claudia-larcher\/\">Claudia Larcher<\/a>, <a href=\"https:\/\/proyector.info\/en\/profile\/cristina-reid-martinez\/\">Cristina Reid Mart\u00ednez<\/a>, <a href=\"https:\/\/proyector.info\/en\/profile\/didac-huma\/\">D\u00eddac Hum\u00e0 Collell<\/a>, <a href=\"https:\/\/proyector.info\/en\/profile\/elena-duque\/\">Elena Duque<\/a>, <a href=\"https:\/\/proyector.info\/en\/profile\/emma-a-marty\/\">Emma \u00c1. Marty<\/a>, <a href=\"https:\/\/proyector.info\/en\/profile\/eva-salas-pacheco\/\">Eva Salas<\/a>, <a href=\"https:\/\/proyector.info\/en\/profile\/fatima-bianchi\/\">Fatima Bianchi<\/a>, <a href=\"https:\/\/proyector.info\/en\/profile\/francisco-burneo\/\">Francisco Burneo<\/a>, <a href=\"https:\/\/proyector.info\/en\/profile\/francisco-pradilla-barrero\/\">Francisco Pradilla Barrero<\/a>, <a href=\"https:\/\/proyector.info\/en\/profile\/gabriel-gonzalez-carreno\/\">Gabriel Gonz\u00e1lez Carre\u00f1o<\/a>, <a href=\"https:\/\/proyector.info\/en\/profile\/gabriele-rossi\/\">Gabriele Rossi<\/a>, <a href=\"https:\/\/proyector.info\/en\/profile\/hou-lam-tsui\/\">Hou Lam Tsui<\/a>, <a href=\"https:\/\/proyector.info\/en\/profile\/jan-locus\/\">Jan Locus,<\/a> <a href=\"https:\/\/proyector.info\/en\/profile\/jhonny-carvajal\/\">Jhonny Carvajal<\/a>, <a href=\"https:\/\/proyector.info\/en\/profile\/jorge-moneo-quintana\/\">Jorge Moneo Quintana<\/a>, <a href=\"https:\/\/proyector.info\/en\/profile\/juan-diego-perez-la-cruz\/\">Juan Diego P\u00e9rez la Cruz<\/a>, <a href=\"https:\/\/proyector.info\/en\/profile\/kaya-and-blank\/\">Kaya &amp; Blank<\/a>, <a href=\"https:\/\/proyector.info\/en\/profile\/lais-andrade\/\">La\u00eds Andrade<\/a>, <a href=\"https:\/\/proyector.info\/en\/profile\/lide-billelabeitia\/\">Lide Billelabeitia Uriarte<\/a>, <a href=\"https:\/\/proyector.info\/en\/profile\/luis-macias\/\">Luis Mac\u00edas<\/a>, <a href=\"https:\/\/proyector.info\/en\/profile\/maia-gattas-vargas\/\">Maia Gatt\u00e1s Vargas<\/a>, <a href=\"https:\/\/proyector.info\/en\/profile\/mauricio-carmona-rivera\/\">Mauricio Carmona<\/a>, <a href=\"https:\/\/proyector.info\/en\/profile\/michael-fleming\/\">Michael Fleming<\/a>, <a href=\"https:\/\/proyector.info\/en\/profile\/mourad-kourbaj\/\">Mourad Kourbaj<\/a>, Natalia Kozie\u0142-Kalliom\u00e4ki, <a href=\"https:\/\/proyector.info\/en\/profile\/pablo-mendez\/\">Pablo M\u00e9ndez<\/a>, <a href=\"https:\/\/proyector.info\/en\/profile\/pablo-useros\/\">Pablo Useros<\/a>, <a href=\"https:\/\/proyector.info\/en\/profile\/pancho-westendarp\/\">Pancho Westendarp<\/a>, <a href=\"https:\/\/proyector.info\/en\/profile\/paul-destieu\/\">Paul Destieu<\/a>, <a href=\"https:\/\/proyector.info\/en\/profile\/regina-jose-galindo\/\">Regina Jos\u00e9 Galindo<\/a>, <a href=\"https:\/\/proyector.info\/en\/profile\/rob-maldonado\/\">Rob Maldonado<\/a>, <a href=\"https:\/\/proyector.info\/en\/profile\/sergio-cabrera-aparicio\/\">Sergio Cabrera<\/a>, <a href=\"https:\/\/proyector.info\/en\/profile\/victor-arroyo\/\">V\u00edctor Arroyo<\/a>, <a href=\"https:\/\/proyector.info\/en\/profile\/yoshua-okon\/\">Yoshua Ok\u00f3n <\/a>y <a href=\"https:\/\/proyector.info\/en\/profile\/yuchi-hsiao\/\">Yuchi Hsiao<\/a><\/p>\n\n\n\n<p class=\"wp-block-paragraph\"><strong>Teresa Sapey Collection<\/strong> (<a href=\"https:\/\/proyector.info\/en\/profile\/marina-abramovic\/\">Marina Abramovi\u0107<\/a>, Haluk Akakce, <a href=\"https:\/\/proyector.info\/en\/profile\/allora-calzadilla\/\">Jennifer Allora &amp; Guillermo Calzadilla<\/a>,&nbsp;<a href=\"https:\/\/proyector.info\/en\/profile\/eugenio-ampudia\/\">Eugenio Ampudia<\/a>, Anthony Goicolea, Tilo Baumgartel, Erick Beltr\u00e1n,&nbsp;<a href=\"https:\/\/proyector.info\/en\/profile\/candice-breitz\/\">Candice Breitz<\/a>, Hussein Chalayan, Miguel Chevalier, A. K. Dolven, Leandro Erlich, Jon Mikel Euba,&nbsp;<a href=\"https:\/\/proyector.info\/en\/profile\/glenda-leon\/\">Glenda Le\u00f3n<\/a>, Ruth G\u00f3mez Arag\u00f3n, <a href=\"https:\/\/proyector.info\/en\/profile\/dionisio-gonzalez\/\">Dionisio Gonz\u00e1lez<\/a>, Douglas Gordon, Barnaby Hosking, Christian Jankowski, Maria Loboda, Rafael Lozano-Hemmer, Julian Opie, Jo\u00e3o Onofre, Tony Oursler, James Paterson, Sergio Prego, Michael Reese,&nbsp;<a href=\"https:\/\/proyector.info\/en\/profile\/thiago-rocha-pitta\/\">Thiago Rocha Pitta<\/a>, Charles Sandison, Mart\u00edn Sastre, Mary Sue, Grazia Toderi, Patrick Tutofoco,&nbsp;<a href=\"https:\/\/proyector.info\/en\/profile\/luis-urculo\/\">Luis \u00darculo<\/a>, Robert Wilson, <a href=\"https:\/\/proyector.info\/en\/profile\/wendy-wischer\/\">Wendy Wischer<\/a>, Jordan Wolfson.)<\/p>\n\n\n\n<p class=\"wp-block-paragraph\"><strong>INELCOM Collection<\/strong> (<a href=\"https:\/\/proyector.info\/en\/profile\/anthony-mccall\/\">Anthony McCall <\/a>(eng), <a href=\"https:\/\/proyector.info\/en\/profile\/anna-barriball\/\">Anna Barriball <\/a>(eng), <a href=\"https:\/\/proyector.info\/en\/profile\/antoni-muntadas\/\">Antoni Muntadas <\/a>(spa), <a href=\"https:\/\/proyector.info\/en\/profile\/artur-heras\/\">Artur Heras <\/a>(spa), <a href=\"https:\/\/proyector.info\/en\/profile\/bruce-conner\/\">Bruce Conner <\/a>(usa), <a href=\"https:\/\/proyector.info\/en\/profile\/calo-y-queimadela\/\">Cal\u00f3 y Queimadela <\/a>(por), <a href=\"https:\/\/proyector.info\/en\/profile\/candice-breitz\/\">Candice Breitz <\/a>(swe), <a href=\"https:\/\/proyector.info\/en\/profile\/ceal-floyer\/\">Ceal Floyer <\/a>(pak), <a href=\"https:\/\/proyector.info\/en\/profile\/claire-harvey\/\">Claire Harvey <\/a>(eng), <a href=\"https:\/\/proyector.info\/en\/profile\/eugenio-ampudia\/\">Eugenio Ampudia <\/a>(spa), <a href=\"https:\/\/proyector.info\/en\/profile\/francis-alys\/\">Francis Al\u00ffs <\/a>(bel), <a href=\"https:\/\/proyector.info\/en\/profile\/gabriel-abrantes\/\">Gabriel Abrantes <\/a>(bra), <a href=\"https:\/\/proyector.info\/en\/profile\/gary-hill\/\">Gary Hill <\/a>(usa), <a href=\"https:\/\/proyector.info\/en\/profile\/giorgio-andreotta-calo\/\">Giorgio Andreotta Cal\u00f3 <\/a>(ita), <a href=\"https:\/\/proyector.info\/en\/profile\/joao-maria-gusmao-pedro-paiva\/\">Gusm\u00e3o \/ Paiva <\/a>(por), <a href=\"https:\/\/proyector.info\/en\/profile\/hiraki-sawa\/\">Hiraki Sawa <\/a>(jap), <a href=\"https:\/\/proyector.info\/en\/profile\/ignasi-aballi\/\">Ignasi Aball\u00ed <\/a>(spa), <a href=\"https:\/\/proyector.info\/en\/profile\/jack-goldstein\/\">Jack Goldstein <\/a>(can), <a href=\"https:\/\/proyector.info\/en\/profile\/joan-jonas\/\">Joan Jonas <\/a>(usa), <a href=\"https:\/\/proyector.info\/en\/profile\/jorge-macchi-y-edgardo-rudnitzky\/\">Jorge Macchi y Edgardo Rudnitzky <\/a>(arg), <a href=\"https:\/\/proyector.info\/en\/profile\/jose-val-del-omar\/\">Jos\u00e9 Val del Omar <\/a>(spa), <a href=\"https:\/\/proyector.info\/en\/profile\/laure-prouvost\/\">Laure Prouvost <\/a>(fra), <a href=\"https:\/\/proyector.info\/en\/profile\/lewis-klahr\/\">Lewis Klahr <\/a>(usa), <a href=\"https:\/\/proyector.info\/en\/profile\/liliane-lijn\/\">Liliane Lijn <\/a>(usa), <a href=\"https:\/\/proyector.info\/en\/profile\/lua-coderch\/\">L\u00faa Coderch <\/a>(spa), <a href=\"https:\/\/proyector.info\/en\/profile\/marijke-van-warmerdam\/\">Marijke van Warmerdam <\/a>(neth), <a href=\"https:\/\/proyector.info\/en\/profile\/micol-assael\/\">Micol Assa\u00ebl <\/a>(ita), <a href=\"https:\/\/proyector.info\/en\/profile\/miroslaw-balka\/\">Miroslaw Balka <\/a>(pol), <a href=\"https:\/\/proyector.info\/en\/profile\/olafur-eliasson\/\">\u00d3lafur Eliasson <\/a>(den), <a href=\"https:\/\/proyector.info\/en\/profile\/pavel-buchler\/\">Pavel B\u00fcchler <\/a>(cze), <a href=\"https:\/\/proyector.info\/en\/profile\/pieter-gennen\/\">Pieter Geenen <\/a>(bel), <a href=\"https:\/\/proyector.info\/en\/profile\/raha-raissnia\/\">Raha Raissnia <\/a>(ira), <a href=\"https:\/\/proyector.info\/en\/profile\/rosa-barba\/\">Rosa Barba <\/a>(ita), <a href=\"https:\/\/proyector.info\/perfil\/steve-mcqueen\/\">Steve McQueen <\/a>(eng), <a href=\"https:\/\/proyector.info\/en\/profile\/tom-friedman\/\">Tom Friedman <\/a>(usa) y <a href=\"https:\/\/proyector.info\/en\/profile\/willie-doherty\/\">Willie Doherty<\/a> (ire).<\/p>\n\n\n\n<p class=\"wp-block-paragraph\"><strong>PROYECTOR OFF<\/strong> (<a href=\"https:\/\/proyector.info\/en\/profile\/almudena-lobera\/\">Almudena Lobera<\/a>, <a href=\"https:\/\/proyector.info\/en\/profile\/dandara-catete\/\">Dandara Catete, J\u00falia Ayerbe<\/a>, <a href=\"https:\/\/proyector.info\/en\/profile\/chus-garcia-fraile\/\">Chus Garc\u00eda Fraile<\/a>, <a href=\"https:\/\/proyector.info\/en\/profile\/cristobal-ochoa\/\">Cristobal Ochoa<\/a>, <a href=\"https:\/\/proyector.info\/en\/profile\/emma-segura-calderon\/\">Emma Segura Calder\u00f3n<\/a>, <a href=\"https:\/\/proyector.info\/en\/profile\/ernesto-bautista\/\">Ernesto Bautista<\/a>, Julio Urbina, <a href=\"https:\/\/proyector.info\/en\/profile\/marta-galindo\/\">Marta Galindo<\/a>, <a href=\"https:\/\/proyector.info\/en\/profile\/yucef-merhi\/\">Yucef Merhi<\/a>)<\/p>\n\n\n\n<p class=\"wp-block-paragraph\"><strong>Internacional Festivals<\/strong><br><br>LOOPS.Expanded &#8211; <a href=\"https:\/\/proyector.info\/en\/profile\/paul-destieu\/\">Paul Destieu<\/a> y <a href=\"https:\/\/proyector.info\/en\/profile\/michael-fleming\/\">Michael Fleming<\/a><br><br>ARS ELECTRONICA (Austria) <strong>&#8211;  <\/strong><a href=\"https:\/\/proyector.info\/en\/profile\/sascha-vernik\/\">Sascha Vernik<\/a>, <a href=\"https:\/\/proyector.info\/en\/profile\/celine-pham\/\">Celine Pham<\/a>, <a href=\"https:\/\/proyector.info\/en\/profile\/sophie-gartner-neo-klinger\/\">Sophie Gartner<\/a>, <a href=\"https:\/\/proyector.info\/en\/profile\/sophie-gartner-neo-klinger\/\">Neo Klinger<\/a> y <a href=\"https:\/\/proyector.info\/en\/profile\/verena-repar\/\">Verena Repar<\/a><\/p>\n\n\n\n<p class=\"wp-block-paragraph\">LE CUBE<strong>\u00a0<\/strong>(Morocco) &#8211; <a href=\"https:\/\/proyector.info\/en\/profile\/alina-dalva-duchrow\/\">Alina d\u2019Alva Duchrow<\/a> (Brazil), <a href=\"https:\/\/proyector.info\/en\/?post_type=person&amp;p=9208\">Mi Jung Shin <\/a>(Sout Korea), <a href=\"https:\/\/proyector.info\/en\/profile\/yasmine-el-meleegy\/\">Yasmine El Meleegy<\/a> (Egypt) y <a href=\"https:\/\/proyector.info\/en\/profile\/maria-hanl\/\">Maria Hanl<\/a> (Austria)<br><em><br><\/em>FONLAD FESTIVAL<strong> <\/strong>(Portugal)<strong> &#8211; <\/strong> <a href=\"https:\/\/proyector.info\/en\/profile\/andres-cuartas\/\">Andr\u00e9s Cuartas<\/a>, <a href=\"https:\/\/proyector.info\/en\/profile\/francesca-leoni\/\">Francesca Leoni<\/a> &amp; <a href=\"https:\/\/proyector.info\/en\/profile\/9358\/\">Davide Mastrangelo<\/a>, <a href=\"https:\/\/proyector.info\/en\/profile\/carla-forte\/\">Carla Forte<\/a>, <a href=\"https:\/\/proyector.info\/en\/profile\/gilivanka-kedzior-barbara-friedman\/\">Gilivanka Kedzior<\/a>, <a href=\"https:\/\/proyector.info\/en\/profile\/gilivanka-kedzior-barbara-friedman\/\">Barbara Friedman<\/a>, <a href=\"https:\/\/proyector.info\/en\/profile\/francesca-fini\/\">Francesca Fini<\/a>, <a href=\"https:\/\/proyector.info\/en\/profile\/shahar-marcus\/\">Shahar Marcus<\/a>, <a href=\"https:\/\/proyector.info\/en\/profile\/fran-orallo\/\">Fran Orallo<\/a><\/p>\n\n\n\n<p class=\"wp-block-paragraph\">DVD PROJECT<strong> <\/strong>(Multiple countries)- <a href=\"https:\/\/proyector.info\/en\/profile\/charlotte-desaga\/\">Charlotte Desaga<\/a>,&nbsp;<a href=\"https:\/\/proyector.info\/en\/profile\/marissa-masa\/\">Marissa Masa<\/a>, <a href=\"https:\/\/proyector.info\/en\/profile\/bas-van-den-hurk\/\">Bas van den Hurk y Wouter Verhoeven<\/a>,&nbsp;<a href=\"https:\/\/proyector.info\/en\/profile\/francesca-fini\/\">Francesca Fini<\/a>,<em>&nbsp;<\/em><a href=\"https:\/\/proyector.info\/en\/profile\/nives-widauer\/\">Nives Widauer<\/a>,&nbsp;<a href=\"https:\/\/proyector.info\/en\/profile\/perla-montelongo\/\">Perla Montelongo<\/a>, <a href=\"https:\/\/proyector.info\/en\/profile\/laurita-siles\/\">Laurita Siles<\/a><\/p>\n\n\n\n<p class=\"wp-block-paragraph\">BUT FESTIVAL (Netherlands) &#8211; <a href=\"https:\/\/proyector.info\/en\/profile\/yasemin-kevser\/\">Yasemin Kevser<\/a>, <a href=\"https:\/\/proyector.info\/perfil\/jasper-ten-hoor-ivan-hidayat\/\">Jasper ten Hoor e Ivan Hidayat<\/a>, <a href=\"https:\/\/proyector.info\/en\/profile\/ruwan-suresh-heggelman\/\">Ruwan Suresh Heggelman<\/a>, <a href=\"https:\/\/proyector.info\/en\/profile\/bethany-de-forest\/\">Bethany de Forest<\/a><\/p>\n\n\n\n<p class=\"wp-block-paragraph\">Selecci\u00f3n de HUANG DERRICK (Taiwan) &#8211; <a href=\"https:\/\/proyector.info\/en\/profile\/i-chun-chen\/\">CHEN, I- Chun,<\/a> <a href=\"https:\/\/proyector.info\/en\/profile\/kun-yu-lu\/\">LU, Kun-Yu<\/a>, <a href=\"https:\/\/proyector.info\/en\/profile\/yung-hsien-chen\/\">CHEN, Yung-Hsien<\/a>, <a href=\"https:\/\/proyector.info\/en\/profile\/meng-chin-huang\/\">HUANG, Meng-Chin<\/a>,<em> <\/em><a href=\"https:\/\/proyector.info\/en\/profile\/zhe-zhi-lin\/\">LIN, Zhe-Zhi<\/a><br><\/p>\n\n\n\n<hr class=\"wp-block-separator has-alpha-channel-opacity\"\/>\n\n\n\n<h2 class=\"wp-block-heading\">CALENDARIO<\/h2>\n\n\n<ul class=\"event-list\"><li data-exhibition-date=\"\"> <span class=\"event__date\">09.09.2025 (19:30)<\/span>  <span class=\"event__venue\"><a href=\"https:\/\/proyector.info\/en\/preinauguracion-del-festival-2025\/\">Cruce<\/a><\/span> <a href=\"https:\/\/proyector.info\/en\/preinauguracion-del-festival-2025\/\"><em>Preinauguraci\u00f3n del festival<\/em><\/a> &nbsp; <span class=\"text-white\">\u00b7<\/span> &nbsp; <span class=\"event__subtitle\"><em>PreInauguraci\u00f3n del festival<\/em><\/span><\/li><li data-exhibition-date=\"\"> <span class=\"event__date\">10.09.2025 (19:30)<\/span>  <span class=\"event__venue\"><a href=\"https:\/\/proyector.info\/en\/transit-areas\/\">Cruce<\/a><\/span> <a href=\"https:\/\/proyector.info\/en\/transit-areas\/\"><em>Transit Areas<\/em><\/a><\/li><li data-exhibition-date=\"\"> <span class=\"event__date\">10.09.2025 (21:30)<\/span>  <span class=\"event__venue\"><a href=\"https:\/\/proyector.info\/en\/aire\/\">\u00c9sta es una Plaza!<\/a><\/span> <a href=\"https:\/\/proyector.info\/en\/aire\/\"><em>Invisible Geography<\/em><\/a><\/li><li data-exhibition-date=\"\"> <span class=\"event__date\">11.09.2025 (19:30)<\/span>  <span class=\"event__venue\"><a href=\"https:\/\/proyector.info\/en\/between-lights-folds-and-ghosts\/\">Secuencia de In\u00fatiles<\/a><\/span> <a href=\"https:\/\/proyector.info\/en\/between-lights-folds-and-ghosts\/\"><em>Between lights, folds and ghosts<\/em><\/a><\/li><li data-exhibition-date=\"\"> <span class=\"event__date\">12.09.2025 (10:30)<\/span>  <span class=\"event__venue\"><a href=\"https:\/\/proyector.info\/en\/profesional-agents-meeting-galleries\/\">Sala Alcal\u00e1 31<\/a><\/span> <a href=\"https:\/\/proyector.info\/en\/profesional-agents-meeting-galleries\/\"><em>Profesional Agents Meeting: Galleries<\/em><\/a><\/li><li data-exhibition-date=\"\"> <span class=\"event__date\">12.09.2025 (12:00)<\/span>  <span class=\"event__venue\"><a href=\"https:\/\/proyector.info\/en\/artist-meeting\/\">Sala Alcal\u00e1 31<\/a><\/span> <a href=\"https:\/\/proyector.info\/en\/artist-meeting\/\"><em>Artist Meeting<\/em><\/a><\/li><li data-exhibition-date=\"\"> <span class=\"event__date\">12.09.2025 (18:00)<\/span>  <span class=\"event__venue\"><a href=\"https:\/\/proyector.info\/en\/ctrl-shft-5-definition-of-red\/\">NAVEL ART<\/a><\/span> <a href=\"https:\/\/proyector.info\/en\/ctrl-shft-5-definition-of-red\/\"><em>Ctrl + Shft + 5: Definition of Red<\/em><\/a><\/li><li data-exhibition-date=\"\"> <span class=\"event__date\">12.09.2025 (19:30)<\/span>  <span class=\"event__venue\"><a href=\"https:\/\/proyector.info\/en\/a-knot-that-is-also-a-star\/\">CCC Quinta del Sordo<\/a><\/span> <a href=\"https:\/\/proyector.info\/en\/a-knot-that-is-also-a-star\/\"><em>A knot that is also a star<\/em><\/a><\/li><li data-exhibition-date=\"\"> <span class=\"event__date\">12.09.2025 (20:00)<\/span>  <span class=\"event__venue\"><a href=\"https:\/\/proyector.info\/en\/dvd-project\/\">CCCQS Quinta del Sordo<\/a><\/span> <a href=\"https:\/\/proyector.info\/en\/dvd-project\/\"><em>DVD Project<\/em><\/a> &nbsp; <span class=\"text-white\">\u00b7<\/span> &nbsp; <span class=\"event__subtitle\"><em>Presentaci\u00f3n de la exposici\u00f3n<\/em><\/span><\/li><li data-exhibition-date=\"\"> <span class=\"event__date\">13.09.2025 (12:00)<\/span>  <span class=\"event__venue\"><a href=\"https:\/\/proyector.info\/en\/guided-visit-various-exhibition-halls\/\">EST_ART Space<\/a><\/span> <a href=\"https:\/\/proyector.info\/en\/guided-visit-various-exhibition-halls\/\"><em>Guided visit (various exhibition halls)<\/em><\/a><\/li><li data-exhibition-date=\"\"> <span class=\"event__date\">13.09.2025 (20:30)<\/span>  <span class=\"event__venue\"><a href=\"https:\/\/proyector.info\/en\/vertical-25-award-filmic-performance\/\">Galer\u00eda Nueva<\/a> <span class=\"text-white\">\/<\/span> <a href=\"https:\/\/proyector.info\/en\/vertical-25-award-filmic-performance\/\">OBLIQUO<\/a><\/span> <a href=\"https:\/\/proyector.info\/en\/vertical-25-award-filmic-performance\/\"><em>VERTICAL &lt;25 Award &amp; Filmic Performance<\/em><\/a><\/li><li data-exhibition-date=\"\"> <span class=\"event__date\">13.09.2025 (23:00)<\/span>  <span class=\"event__venue\"><a href=\"https:\/\/proyector.info\/en\/fiesta-proyector\/\">AYALA 120 CLUB<\/a><\/span> <a href=\"https:\/\/proyector.info\/en\/fiesta-proyector\/\"><em>PROYECTOR\u00b4S PARTY<\/em><\/a><\/li><li data-exhibition-date=\"\"> <span class=\"event__date\">14.09.2025 (12:00)<\/span>  <span class=\"event__venue\"><a href=\"https:\/\/proyector.info\/en\/suburban-choreographies\/\">La Nave Imaginable<\/a><\/span> <a href=\"https:\/\/proyector.info\/en\/suburban-choreographies\/\"><em>Suburban choreographies<\/em><\/a><\/li><li data-exhibition-date=\"\"> <span class=\"event__date\">14.09.2025 (12:00)<\/span>  <span class=\"event__venue\"><a href=\"https:\/\/proyector.info\/en\/videoartist-studio-tour\/\">Ahorita Ahorita<\/a> <span class=\"text-white\">\/<\/span> <a href=\"https:\/\/proyector.info\/en\/videoartist-studio-tour\/\">Almudena Lobera<\/a> <span class=\"text-white\">\/<\/span> <a href=\"https:\/\/proyector.info\/en\/videoartist-studio-tour\/\">CCC Condeduque<\/a> <span class=\"text-white\">\/<\/span> <a href=\"https:\/\/proyector.info\/en\/videoartist-studio-tour\/\">Dandara Catete<\/a> <span class=\"text-white\">\/<\/span> <a href=\"https:\/\/proyector.info\/en\/videoartist-studio-tour\/\">FORMATOCOMODO Gallery<\/a> <span class=\"text-white\">\/<\/span> <a href=\"https:\/\/proyector.info\/en\/videoartist-studio-tour\/\">Nave OPORTO<\/a><\/span> <a href=\"https:\/\/proyector.info\/en\/videoartist-studio-tour\/\"><em>Videoartist studio tour<\/em><\/a><\/li><li data-exhibition-date=\"\"> <span class=\"event__date\">15.09.2025 (20:30)<\/span>  <span class=\"event__venue\"><a href=\"https:\/\/proyector.info\/en\/visita-coleccion-teresa-sapey\/\">Teresa Sapey Studio<\/a><\/span> <a href=\"https:\/\/proyector.info\/en\/visita-coleccion-teresa-sapey\/\"><em>Colecci\u00f3n Teresa Sapey Visit<\/em><\/a><\/li><li data-exhibition-date=\"\"> <span class=\"event__date\">16.09.2025 (12:00)<\/span>  <span class=\"event__venue\"><a href=\"https:\/\/proyector.info\/en\/the-metamorphosis-guided-visit-to-inelcom-collection\/\">Colecci\u00f3n INELCOM<\/a><\/span> <a href=\"https:\/\/proyector.info\/en\/the-metamorphosis-guided-visit-to-inelcom-collection\/\"><em>The Metamorphosis + Guided visit to INELCOM Collection<\/em><\/a><\/li><li data-exhibition-date=\"\"> <span class=\"event__date\">17.09.2025 (20:30)<\/span>  <span class=\"event__venue\"><a href=\"https:\/\/proyector.info\/en\/pte-titulo-sala-equis-plaza-filmic-performance\/\">Sala Equis<\/a><\/span> <a href=\"https:\/\/proyector.info\/en\/pte-titulo-sala-equis-plaza-filmic-performance\/\"><em>Topographies of the Uncertain<\/em><\/a><\/li><li data-exhibition-date=\"\"> <span class=\"event__date\">18.09.2025 (19:30)<\/span>  <span class=\"event__venue\"><a href=\"https:\/\/proyector.info\/en\/periodico\/\">La Parcer\u00eda<\/a><\/span> <a href=\"https:\/\/proyector.info\/en\/periodico\/\"><em>Newspaper<\/em><\/a><\/li><li data-exhibition-date=\"\"> <span class=\"event__date\">18.09.2025 (21:30)<\/span>  <span class=\"event__venue\"><a href=\"https:\/\/proyector.info\/en\/vitrina-de-potencias\/\">Breu.<\/a> <span class=\"text-white\">\/<\/span> <a href=\"https:\/\/proyector.info\/en\/vitrina-de-potencias\/\">Nua \u2013 Lugar de Convivencia<\/a> <span class=\"text-white\">\/<\/span> <a href=\"https:\/\/proyector.info\/en\/vitrina-de-potencias\/\">Seara<\/a><\/span> <a href=\"https:\/\/proyector.info\/en\/vitrina-de-potencias\/\"><em>Showcase of power<\/em><\/a><\/li><li data-exhibition-date=\"\"> <span class=\"event__date\">19.09.2025 (11:00)<\/span>  <span class=\"event__venue\"><a href=\"https:\/\/proyector.info\/en\/mesa-redonda-proyectos-de-videocreacion-internacional\/\">Sala Alcal\u00e1 31<\/a><\/span> <a href=\"https:\/\/proyector.info\/en\/mesa-redonda-proyectos-de-videocreacion-internacional\/\"><em>Round Table: International Audiovisual Creation projects<\/em><\/a><\/li><li data-exhibition-date=\"\"> <span class=\"event__date\">19.09.2025 (16:30)<\/span>  <span class=\"event__venue\"><a href=\"https:\/\/proyector.info\/en\/proyeccion-de-festivales-internacionales\/\">Sala Alcal\u00e1 31<\/a><\/span> <a href=\"https:\/\/proyector.info\/en\/proyeccion-de-festivales-internacionales\/\"><em>International Festivals Screenings<\/em><\/a><\/li><li data-exhibition-date=\"\"> <span class=\"event__date\">20.09.2025 (13:00)<\/span>  <span class=\"event__venue\"><a href=\"https:\/\/proyector.info\/en\/nuevos-imaginarios\/\">CCC Condeduque<\/a><\/span> <a href=\"https:\/\/proyector.info\/en\/nuevos-imaginarios\/\"><em>Nuevos imaginarios<\/em><\/a><\/li><li data-exhibition-date=\"\"> <span class=\"event__date\">20.09.2025 (16:00)<\/span>  <span class=\"event__venue\"><a href=\"https:\/\/proyector.info\/en\/landscapes-of-dissent\/\">Sala Equis<\/a><\/span> <a href=\"https:\/\/proyector.info\/en\/landscapes-of-dissent\/\"><em>Landscapes of dissent<\/em><\/a><\/li><li data-exhibition-date=\"\"> <span class=\"event__date\">20.09.2025 (19:30)<\/span>  <span class=\"event__venue\"><a href=\"https:\/\/proyector.info\/en\/titulo-el-local\/\">El Local<\/a><\/span> <a href=\"https:\/\/proyector.info\/en\/titulo-el-local\/\"><em>Rewrite the visible<\/em><\/a><\/li><li data-exhibition-date=\"\"> <span class=\"event__date\">21.09.2025 (12:00)<\/span>  <span class=\"event__venue\"><a href=\"https:\/\/proyector.info\/en\/closing-performance\/\">Cruce<\/a><\/span> <a href=\"https:\/\/proyector.info\/en\/closing-performance\/\"><em>Closing performance<\/em><\/a><\/li><li data-exhibition-date=\"\"> <span class=\"event__date\">21.09.2025 (17:00)<\/span>  <span class=\"event__venue\"><a href=\"https:\/\/proyector.info\/en\/festival-l-e-v-recorrido-off\/\">Matadero Madrid<\/a><\/span> <a href=\"https:\/\/proyector.info\/en\/festival-l-e-v-recorrido-off\/\"><em>L.E.V. Festival (OFF Route)<\/em><\/a><\/li><li data-exhibition-date=\"\"> <span class=\"event__venue\"><a href=\"https:\/\/proyector.info\/en\/coleccion-inelcom\/\">Colecci\u00f3n INELCOM<\/a><\/span> <a href=\"https:\/\/proyector.info\/en\/coleccion-inelcom\/\"><em>Colecci\u00f3n INELCOM<\/em><\/a><\/li><\/ul>\n\n\n\n<hr class=\"wp-block-separator has-alpha-channel-opacity\"\/>\n\n\n\n<h2 class=\"wp-block-heading\">PATROCINIO<\/h2>\n\n\n\n<p class=\"wp-block-paragraph\"><strong>APOYAN<\/strong><strong><a href=\"https:\/\/madrid.embaixadaportugal.mne.gov.pt\/es\/\"><br><\/a><\/strong><strong><a href=\"https:\/\/www.comunidad.madrid\/cultura\">Comunidad de Madrid<\/a><\/strong><\/p>\n\n\n\n<p class=\"wp-block-paragraph\"><strong>COLABORAN<\/strong><a href=\"https:\/\/madrid.embaixadaportugal.mne.gov.pt\/es\/\"><br><\/a><a href=\"https:\/\/www.bmeia.gv.at\/es\/foro-cultural-de-austria-en-madrid\">Foro Cultural de Austria<\/a>,&nbsp;<a href=\"https:\/\/www.moc.gov.tw\/en\/\">Taiwan Ministry of Culture and the Department of Culture Affairs<\/a>,&nbsp;<a href=\"https:\/\/english.gov.taipei\/\">Taipei City government<\/a>, <a href=\"https:\/\/www.llull.cat\/catala\/home\/index.cfm\">Institut Ramon Llull<\/a> y <a href=\"https:\/\/boomartcommunity.com\/\">BOOM Art Community<\/a><\/p>\n\n\n\n<p class=\"wp-block-paragraph\"><strong>FESTIVALES \u2013 COMISARIADOS<\/strong><br><a href=\"https:\/\/ars.electronica.art\/news\/en\/\">ARS ELECTRONICA<\/a>, <a href=\"https:\/\/www.butff.nl\/\">BUTFF,<\/a> <a href=\"http:\/\/dvdproject.info\/\">DVD Project<\/a>,&nbsp;<a href=\"https:\/\/www.facebook.com\/groups\/1458275387720836\/about\">Fonlad Festival<\/a>, <a href=\"https:\/\/lecube-art.com\/?lang=en\">Le Cube &#8211; Independent Art Room<\/a>,&nbsp;<a href=\"https:\/\/loops-expanded.com\/\">Loops.Expanded<\/a> <\/p>\n\n\n\n<p class=\"wp-block-paragraph\"><strong>PATROCINAN EN ESPECIE&nbsp;<\/strong><a href=\"http:\/\/entresijos.org\/\"><strong><br><\/strong><\/a><a href=\"https:\/\/master-lav.com\/\">LAV<\/a><\/p>\n\n\n\n<p class=\"wp-block-paragraph\"><strong>GRACIAS<\/strong><strong><br><\/strong>&nbsp;Josefa de la Roca&nbsp;y&nbsp;<a href=\"http:\/\/www.mimp.es\/\">MIMP<\/a><\/p>\n\n\n\n<figure class=\"wp-block-image size-large\"><img loading=\"lazy\" decoding=\"async\" width=\"1024\" height=\"576\" src=\"https:\/\/proyector.info\/wp-content\/uploads\/2025\/05\/PROYECTOR2025_LOGOS-VIDEO-1024x576.jpeg\" alt=\"\" class=\"wp-image-14228\" srcset=\"https:\/\/proyector.info\/wp-content\/uploads\/2025\/05\/PROYECTOR2025_LOGOS-VIDEO-1024x576.jpeg 1024w, https:\/\/proyector.info\/wp-content\/uploads\/2025\/05\/PROYECTOR2025_LOGOS-VIDEO-300x169.jpeg 300w, https:\/\/proyector.info\/wp-content\/uploads\/2025\/05\/PROYECTOR2025_LOGOS-VIDEO-768x432.jpeg 768w, https:\/\/proyector.info\/wp-content\/uploads\/2025\/05\/PROYECTOR2025_LOGOS-VIDEO-1536x864.jpeg 1536w, https:\/\/proyector.info\/wp-content\/uploads\/2025\/05\/PROYECTOR2025_LOGOS-VIDEO-480x270.jpeg 480w, https:\/\/proyector.info\/wp-content\/uploads\/2025\/05\/PROYECTOR2025_LOGOS-VIDEO-640x360.jpeg 640w, https:\/\/proyector.info\/wp-content\/uploads\/2025\/05\/PROYECTOR2025_LOGOS-VIDEO-120x67.jpeg 120w, https:\/\/proyector.info\/wp-content\/uploads\/2025\/05\/PROYECTOR2025_LOGOS-VIDEO.jpeg 1600w\" sizes=\"auto, (max-width: 1024px) 100vw, 1024px\" \/><\/figure>\n\n\n\n<hr class=\"wp-block-separator has-alpha-channel-opacity\"\/>\n\n\n\n<h2 class=\"wp-block-heading\">STAFF<\/h2>\n\n\n\n<p class=\"wp-block-paragraph\"><strong>Organizing<\/strong>:&nbsp;<a href=\"http:\/\/www.kreae.es\/\">KRE\u00c6 [Instituto Creaci\u00f3n Contempor\u00e1nea]<\/a><br><strong>Direction<\/strong>:&nbsp;<a href=\"https:\/\/proyector.info\/en\/artist\/mario-gutierrez-cru\/\" data-type=\"person\" data-id=\"7928\">Mario Guti\u00e9rrez Cru<\/a><br><strong>Coordination<\/strong>:&nbsp;<a href=\"https:\/\/proyector.info\/en\/profile\/rebeca-m-urizar\/rebeca-m-urizar-2\/\" data-type=\"person\" data-id=\"7924\">Rebeca M Urizar<\/a><br><strong>Coordination &#8211; PROYECTOR OFF<\/strong>:&nbsp;Gonzalo de Benito<br><strong>Coordination &#8211; LAP (Laboratorios Arte PROYECTOR)<\/strong>:&nbsp;<a href=\"https:\/\/proyector.info\/en\/profile\/rebeca-m-urizar\/rebeca-m-urizar-2\/\" data-type=\"person\" data-id=\"7924\">Rebeca M Urizar<\/a><br><span><strong style=\"font-weight: bold;\">Production<\/strong><\/span><strong> <\/strong><span><strong style=\"font-weight: bold;\"><strong>Coordination <\/strong><\/strong><\/span>:&nbsp;Eloi Costilludo<br><strong>Production Team<\/strong>:&nbsp;&nbsp;Cecilia Vieira, Giovanna Fern\u00e1ndez,&nbsp;Julien Rose,&nbsp;Ram\u00f3n Garc\u00eda del Pomar,&nbsp;Ra\u00fal Garc\u00eda Collado&nbsp;y&nbsp;<a href=\"https:\/\/proyector.info\/en\/profile\/rebeca-m-urizar\/rebeca-m-urizar-2\/\" data-type=\"person\" data-id=\"7921\">Rebeca M Urizar<\/a><br><strong>Marketing, Communications and Press Coordination<\/strong>:&nbsp;<a href=\"https:\/\/boreal-projects.com\/\">Boreal Project<\/a><br><strong>V.I.P. <strong>Coordination<\/strong>:<\/strong>&nbsp;Federica Iozzia<br><strong>Marketing<strong>\/Socials Coordination<\/strong><\/strong>:&nbsp;<a href=\"https:\/\/proyector.info\/en\/profile\/rebeca-m-urizar\/rebeca-m-urizar-2\/\" data-type=\"person\" data-id=\"7921\">Rebeca M Ur\u00edzar<\/a><br><strong>Documentation<\/strong> <strong>Coordination<\/strong>:&nbsp;\u00c1ngel Arroyo<br><strong>Documentation\/Visual Team<\/strong>:&nbsp;Araceli L\u00f3pez,&nbsp;Cris Alonso, Rafhet Guerola, Jos\u00e9 Peris, Juan Caro,&nbsp;Julien Rose,&nbsp;Luis Gonz\u00e1lez, Nicol\u00e1s Ib\u00e1\u00f1ez<br><strong>Curatorships<\/strong>:&nbsp;<a href=\"https:\/\/proyector.info\/en\/artist\/mario-gutierrez-cru\/\" data-type=\"person\" data-id=\"7925\">Mario Guti\u00e9rrez Cru<\/a>,&nbsp;<a href=\"https:\/\/proyector.info\/en\/profile\/rebeca-m-urizar\/rebeca-m-urizar-2\/\" data-type=\"person\" data-id=\"7921\">Rebeca M Ur\u00edzar<\/a>, Natalia Colina<br><strong>Protocol<\/strong>: <a href=\"https:\/\/proyector.info\/en\/profile\/rebeca-m-urizar\/rebeca-m-urizar-2\/\" data-type=\"person\" data-id=\"7924\">Rebeca M Urizar<\/a>, Felipe Berrio, Jaime Velasco, Candela Camacho<br><strong>Translations<\/strong>: Patricia Escriv\u00e1, &nbsp;<a href=\"https:\/\/proyector.info\/en\/profile\/rebeca-m-urizar\/\">Rebeca M Urizar<\/a><br><strong>Graphic Design <strong>Coordination<\/strong><\/strong>:&nbsp;<a href=\"https:\/\/proyector.info\/en\/artist\/mario-gutierrez-cru\/\" data-type=\"person\" data-id=\"7925\">Mario Guti\u00e9rrez Cru<\/a><br><strong>Design Team<\/strong>:&nbsp;Froil\u00e1n Blanco<br><strong>Web<\/strong>:&nbsp;<a href=\"https:\/\/proyector.info\/en\/artist\/mario-gutierrez-cru\/\" data-type=\"person\" data-id=\"7925\"><\/a><a href=\"https:\/\/proyector.info\/en\/profile\/rebeca-m-urizar\/rebeca-m-urizar-2\/\" data-type=\"person\" data-id=\"7924\">Rebeca M Urizar<\/a><br><strong>Text<\/strong>: &nbsp;<a href=\"https:\/\/proyector.info\/en\/profile\/mario-gutierrez-cru\/\">Mario Guti\u00e9rrez Cru<\/a>,&nbsp;<a href=\"https:\/\/proyector.info\/en\/profile\/rebeca-m-urizar\/\">Rebeca M Urizar<\/a>,&nbsp;<a href=\"https:\/\/proyector.info\/en\/profile\/santiago-colombo-migliorero\/\">Santiago Colombo<\/a>, Natalia Colina<\/p>\n\n\n\n<hr class=\"wp-block-separator has-alpha-channel-opacity\"\/>\n\n\n\n<figure class=\"wp-block-embed is-type-video is-provider-vimeo wp-block-embed-vimeo wp-embed-aspect-16-9 wp-has-aspect-ratio\"><div class=\"wp-block-embed__wrapper\">\n<iframe loading=\"lazy\" title=\"PROYECTOR2025. 10-21 SEP 2025\" src=\"https:\/\/player.vimeo.com\/video\/1092102301?dnt=1&amp;app_id=122963\" width=\"480\" height=\"270\" frameborder=\"0\" allow=\"autoplay; fullscreen; picture-in-picture; clipboard-write; encrypted-media; web-share\" referrerpolicy=\"strict-origin-when-cross-origin\"><\/iframe>\n<\/div><\/figure>\n","protected":false},"excerpt":{"rendered":"<p>2025 arrives filled with moving images with a new edition of the PROYECTOR Festival: New Hertzog Da Silva Awards and<\/p>\n","protected":false},"author":1,"featured_media":23156,"comment_status":"closed","ping_status":"closed","sticky":false,"template":"","format":"standard","meta":{"footnotes":""},"categories":[302],"tags":[],"event":[293],"venue":[],"class_list":["post-7659","post","type-post","status-publish","format-standard","has-post-thumbnail","hentry","category-sin-categoria-2","event-proyector2025-en"],"yoast_head":"<!-- This site is optimized with the Yoast SEO plugin v27.4 - https:\/\/yoast.com\/product\/yoast-seo-wordpress\/ -->\n<title>FESTIVAL 2025 - PROYECTOR<\/title>\n<meta name=\"robots\" content=\"index, follow, max-snippet:-1, max-image-preview:large, max-video-preview:-1\" \/>\n<link rel=\"canonical\" href=\"https:\/\/proyector.info\/en\/festival-2025\/\" \/>\n<meta property=\"og:locale\" content=\"en_US\" \/>\n<meta property=\"og:type\" content=\"article\" \/>\n<meta property=\"og:title\" content=\"FESTIVAL 2025 - PROYECTOR\" \/>\n<meta property=\"og:description\" content=\"2025 arrives filled with moving images with a new edition of the PROYECTOR Festival: New Hertzog Da Silva Awards and\" \/>\n<meta property=\"og:url\" content=\"https:\/\/proyector.info\/en\/festival-2025\/\" \/>\n<meta property=\"og:site_name\" content=\"PROYECTOR\" \/>\n<meta property=\"article:publisher\" content=\"https:\/\/www.facebook.com\/proyectorvideoartfestival\/\" \/>\n<meta property=\"article:published_time\" content=\"2025-05-09T12:16:12+00:00\" \/>\n<meta property=\"article:modified_time\" content=\"2025-11-27T21:38:37+00:00\" \/>\n<meta property=\"og:image\" content=\"https:\/\/proyector.info\/wp-content\/uploads\/2025\/05\/PROYECTOR2025_cartel_horizontal.jpg\" \/>\n\t<meta property=\"og:image:width\" content=\"1600\" \/>\n\t<meta property=\"og:image:height\" content=\"1131\" \/>\n\t<meta property=\"og:image:type\" content=\"image\/jpeg\" \/>\n<meta name=\"author\" content=\"proyector_admin\" \/>\n<meta name=\"twitter:card\" content=\"summary_large_image\" \/>\n<meta name=\"twitter:creator\" content=\"@PROYECTOR_fest\" \/>\n<meta name=\"twitter:site\" content=\"@PROYECTOR_fest\" \/>\n<meta name=\"twitter:label1\" content=\"Written by\" \/>\n\t<meta name=\"twitter:data1\" content=\"proyector_admin\" \/>\n\t<meta name=\"twitter:label2\" content=\"Est. reading time\" \/>\n\t<meta name=\"twitter:data2\" content=\"6 minutes\" \/>\n<script type=\"application\/ld+json\" class=\"yoast-schema-graph\">{\"@context\":\"https:\\\/\\\/schema.org\",\"@graph\":[{\"@type\":\"Article\",\"@id\":\"https:\\\/\\\/proyector.info\\\/en\\\/festival-2025\\\/#article\",\"isPartOf\":{\"@id\":\"https:\\\/\\\/proyector.info\\\/en\\\/festival-2025\\\/\"},\"author\":{\"name\":\"proyector_admin\",\"@id\":\"https:\\\/\\\/proyector.info\\\/en\\\/#\\\/schema\\\/person\\\/13cea6acafbaf2f5d74c61e1c29e6034\"},\"headline\":\"FESTIVAL 2025\",\"datePublished\":\"2025-05-09T12:16:12+00:00\",\"dateModified\":\"2025-11-27T21:38:37+00:00\",\"mainEntityOfPage\":{\"@id\":\"https:\\\/\\\/proyector.info\\\/en\\\/festival-2025\\\/\"},\"wordCount\":1168,\"publisher\":{\"@id\":\"https:\\\/\\\/proyector.info\\\/en\\\/#organization\"},\"image\":{\"@id\":\"https:\\\/\\\/proyector.info\\\/en\\\/festival-2025\\\/#primaryimage\"},\"thumbnailUrl\":\"https:\\\/\\\/proyector.info\\\/wp-content\\\/uploads\\\/2025\\\/05\\\/PROYECTOR2025_cartel_horizontal-1.jpg\",\"articleSection\":[\"Sin categor\u00eda\"],\"inLanguage\":\"en-US\"},{\"@type\":\"WebPage\",\"@id\":\"https:\\\/\\\/proyector.info\\\/en\\\/festival-2025\\\/\",\"url\":\"https:\\\/\\\/proyector.info\\\/en\\\/festival-2025\\\/\",\"name\":\"FESTIVAL 2025 - PROYECTOR\",\"isPartOf\":{\"@id\":\"https:\\\/\\\/proyector.info\\\/en\\\/#website\"},\"primaryImageOfPage\":{\"@id\":\"https:\\\/\\\/proyector.info\\\/en\\\/festival-2025\\\/#primaryimage\"},\"image\":{\"@id\":\"https:\\\/\\\/proyector.info\\\/en\\\/festival-2025\\\/#primaryimage\"},\"thumbnailUrl\":\"https:\\\/\\\/proyector.info\\\/wp-content\\\/uploads\\\/2025\\\/05\\\/PROYECTOR2025_cartel_horizontal-1.jpg\",\"datePublished\":\"2025-05-09T12:16:12+00:00\",\"dateModified\":\"2025-11-27T21:38:37+00:00\",\"breadcrumb\":{\"@id\":\"https:\\\/\\\/proyector.info\\\/en\\\/festival-2025\\\/#breadcrumb\"},\"inLanguage\":\"en-US\",\"potentialAction\":[{\"@type\":\"ReadAction\",\"target\":[\"https:\\\/\\\/proyector.info\\\/en\\\/festival-2025\\\/\"]}]},{\"@type\":\"ImageObject\",\"inLanguage\":\"en-US\",\"@id\":\"https:\\\/\\\/proyector.info\\\/en\\\/festival-2025\\\/#primaryimage\",\"url\":\"https:\\\/\\\/proyector.info\\\/wp-content\\\/uploads\\\/2025\\\/05\\\/PROYECTOR2025_cartel_horizontal-1.jpg\",\"contentUrl\":\"https:\\\/\\\/proyector.info\\\/wp-content\\\/uploads\\\/2025\\\/05\\\/PROYECTOR2025_cartel_horizontal-1.jpg\",\"width\":1600,\"height\":1131},{\"@type\":\"BreadcrumbList\",\"@id\":\"https:\\\/\\\/proyector.info\\\/en\\\/festival-2025\\\/#breadcrumb\",\"itemListElement\":[{\"@type\":\"ListItem\",\"position\":1,\"name\":\"Portada\",\"item\":\"https:\\\/\\\/proyector.info\\\/en\\\/\"},{\"@type\":\"ListItem\",\"position\":2,\"name\":\"FESTIVAL 2025\"}]},{\"@type\":\"WebSite\",\"@id\":\"https:\\\/\\\/proyector.info\\\/en\\\/#website\",\"url\":\"https:\\\/\\\/proyector.info\\\/en\\\/\",\"name\":\"PROYECTOR\",\"description\":\"Plataforma de Imagen en Movimiento\",\"publisher\":{\"@id\":\"https:\\\/\\\/proyector.info\\\/en\\\/#organization\"},\"potentialAction\":[{\"@type\":\"SearchAction\",\"target\":{\"@type\":\"EntryPoint\",\"urlTemplate\":\"https:\\\/\\\/proyector.info\\\/en\\\/?s={search_term_string}\"},\"query-input\":{\"@type\":\"PropertyValueSpecification\",\"valueRequired\":true,\"valueName\":\"search_term_string\"}}],\"inLanguage\":\"en-US\"},{\"@type\":\"Organization\",\"@id\":\"https:\\\/\\\/proyector.info\\\/en\\\/#organization\",\"name\":\"PROYECTOR\",\"url\":\"https:\\\/\\\/proyector.info\\\/en\\\/\",\"logo\":{\"@type\":\"ImageObject\",\"inLanguage\":\"en-US\",\"@id\":\"https:\\\/\\\/proyector.info\\\/en\\\/#\\\/schema\\\/logo\\\/image\\\/\",\"url\":\"https:\\\/\\\/proyector.info\\\/wp-content\\\/uploads\\\/2025\\\/07\\\/cropped-proyector_icono.png\",\"contentUrl\":\"https:\\\/\\\/proyector.info\\\/wp-content\\\/uploads\\\/2025\\\/07\\\/cropped-proyector_icono.png\",\"width\":512,\"height\":512,\"caption\":\"PROYECTOR\"},\"image\":{\"@id\":\"https:\\\/\\\/proyector.info\\\/en\\\/#\\\/schema\\\/logo\\\/image\\\/\"},\"sameAs\":[\"https:\\\/\\\/www.facebook.com\\\/proyectorvideoartfestival\\\/\",\"https:\\\/\\\/x.com\\\/PROYECTOR_fest\",\"https:\\\/\\\/www.instagram.com\\\/proyector_videoartplatform\\\/\",\"https:\\\/\\\/www.tiktok.com\\\/@proyector_fest\",\"https:\\\/\\\/www.youtube.com\\\/user\\\/proyectorvideoart\",\"https:\\\/\\\/vimeo.com\\\/proyectorvideoart\",\"https:\\\/\\\/www.linkedin.com\\\/company\\\/proyector\\\/\"]},{\"@type\":\"Person\",\"@id\":\"https:\\\/\\\/proyector.info\\\/en\\\/#\\\/schema\\\/person\\\/13cea6acafbaf2f5d74c61e1c29e6034\",\"name\":\"proyector_admin\",\"image\":{\"@type\":\"ImageObject\",\"inLanguage\":\"en-US\",\"@id\":\"https:\\\/\\\/secure.gravatar.com\\\/avatar\\\/9b937505221297e25cefeb3c2d1f2aba5165355fb0778955fc209dc6b38729a3?s=96&d=mm&r=g\",\"url\":\"https:\\\/\\\/secure.gravatar.com\\\/avatar\\\/9b937505221297e25cefeb3c2d1f2aba5165355fb0778955fc209dc6b38729a3?s=96&d=mm&r=g\",\"contentUrl\":\"https:\\\/\\\/secure.gravatar.com\\\/avatar\\\/9b937505221297e25cefeb3c2d1f2aba5165355fb0778955fc209dc6b38729a3?s=96&d=mm&r=g\",\"caption\":\"proyector_admin\"},\"sameAs\":[\"https:\\\/\\\/proyector.info\"]}]}<\/script>\n<!-- \/ Yoast SEO plugin. -->","yoast_head_json":{"title":"FESTIVAL 2025 - PROYECTOR","robots":{"index":"index","follow":"follow","max-snippet":"max-snippet:-1","max-image-preview":"max-image-preview:large","max-video-preview":"max-video-preview:-1"},"canonical":"https:\/\/proyector.info\/en\/festival-2025\/","og_locale":"en_US","og_type":"article","og_title":"FESTIVAL 2025 - PROYECTOR","og_description":"2025 arrives filled with moving images with a new edition of the PROYECTOR Festival: New Hertzog Da Silva Awards and","og_url":"https:\/\/proyector.info\/en\/festival-2025\/","og_site_name":"PROYECTOR","article_publisher":"https:\/\/www.facebook.com\/proyectorvideoartfestival\/","article_published_time":"2025-05-09T12:16:12+00:00","article_modified_time":"2025-11-27T21:38:37+00:00","og_image":[{"width":1600,"height":1131,"url":"https:\/\/proyector.info\/wp-content\/uploads\/2025\/05\/PROYECTOR2025_cartel_horizontal.jpg","type":"image\/jpeg"}],"author":"proyector_admin","twitter_card":"summary_large_image","twitter_creator":"@PROYECTOR_fest","twitter_site":"@PROYECTOR_fest","twitter_misc":{"Written by":"proyector_admin","Est. reading time":"6 minutes"},"schema":{"@context":"https:\/\/schema.org","@graph":[{"@type":"Article","@id":"https:\/\/proyector.info\/en\/festival-2025\/#article","isPartOf":{"@id":"https:\/\/proyector.info\/en\/festival-2025\/"},"author":{"name":"proyector_admin","@id":"https:\/\/proyector.info\/en\/#\/schema\/person\/13cea6acafbaf2f5d74c61e1c29e6034"},"headline":"FESTIVAL 2025","datePublished":"2025-05-09T12:16:12+00:00","dateModified":"2025-11-27T21:38:37+00:00","mainEntityOfPage":{"@id":"https:\/\/proyector.info\/en\/festival-2025\/"},"wordCount":1168,"publisher":{"@id":"https:\/\/proyector.info\/en\/#organization"},"image":{"@id":"https:\/\/proyector.info\/en\/festival-2025\/#primaryimage"},"thumbnailUrl":"https:\/\/proyector.info\/wp-content\/uploads\/2025\/05\/PROYECTOR2025_cartel_horizontal-1.jpg","articleSection":["Sin categor\u00eda"],"inLanguage":"en-US"},{"@type":"WebPage","@id":"https:\/\/proyector.info\/en\/festival-2025\/","url":"https:\/\/proyector.info\/en\/festival-2025\/","name":"FESTIVAL 2025 - PROYECTOR","isPartOf":{"@id":"https:\/\/proyector.info\/en\/#website"},"primaryImageOfPage":{"@id":"https:\/\/proyector.info\/en\/festival-2025\/#primaryimage"},"image":{"@id":"https:\/\/proyector.info\/en\/festival-2025\/#primaryimage"},"thumbnailUrl":"https:\/\/proyector.info\/wp-content\/uploads\/2025\/05\/PROYECTOR2025_cartel_horizontal-1.jpg","datePublished":"2025-05-09T12:16:12+00:00","dateModified":"2025-11-27T21:38:37+00:00","breadcrumb":{"@id":"https:\/\/proyector.info\/en\/festival-2025\/#breadcrumb"},"inLanguage":"en-US","potentialAction":[{"@type":"ReadAction","target":["https:\/\/proyector.info\/en\/festival-2025\/"]}]},{"@type":"ImageObject","inLanguage":"en-US","@id":"https:\/\/proyector.info\/en\/festival-2025\/#primaryimage","url":"https:\/\/proyector.info\/wp-content\/uploads\/2025\/05\/PROYECTOR2025_cartel_horizontal-1.jpg","contentUrl":"https:\/\/proyector.info\/wp-content\/uploads\/2025\/05\/PROYECTOR2025_cartel_horizontal-1.jpg","width":1600,"height":1131},{"@type":"BreadcrumbList","@id":"https:\/\/proyector.info\/en\/festival-2025\/#breadcrumb","itemListElement":[{"@type":"ListItem","position":1,"name":"Portada","item":"https:\/\/proyector.info\/en\/"},{"@type":"ListItem","position":2,"name":"FESTIVAL 2025"}]},{"@type":"WebSite","@id":"https:\/\/proyector.info\/en\/#website","url":"https:\/\/proyector.info\/en\/","name":"PROYECTOR","description":"Plataforma de Imagen en Movimiento","publisher":{"@id":"https:\/\/proyector.info\/en\/#organization"},"potentialAction":[{"@type":"SearchAction","target":{"@type":"EntryPoint","urlTemplate":"https:\/\/proyector.info\/en\/?s={search_term_string}"},"query-input":{"@type":"PropertyValueSpecification","valueRequired":true,"valueName":"search_term_string"}}],"inLanguage":"en-US"},{"@type":"Organization","@id":"https:\/\/proyector.info\/en\/#organization","name":"PROYECTOR","url":"https:\/\/proyector.info\/en\/","logo":{"@type":"ImageObject","inLanguage":"en-US","@id":"https:\/\/proyector.info\/en\/#\/schema\/logo\/image\/","url":"https:\/\/proyector.info\/wp-content\/uploads\/2025\/07\/cropped-proyector_icono.png","contentUrl":"https:\/\/proyector.info\/wp-content\/uploads\/2025\/07\/cropped-proyector_icono.png","width":512,"height":512,"caption":"PROYECTOR"},"image":{"@id":"https:\/\/proyector.info\/en\/#\/schema\/logo\/image\/"},"sameAs":["https:\/\/www.facebook.com\/proyectorvideoartfestival\/","https:\/\/x.com\/PROYECTOR_fest","https:\/\/www.instagram.com\/proyector_videoartplatform\/","https:\/\/www.tiktok.com\/@proyector_fest","https:\/\/www.youtube.com\/user\/proyectorvideoart","https:\/\/vimeo.com\/proyectorvideoart","https:\/\/www.linkedin.com\/company\/proyector\/"]},{"@type":"Person","@id":"https:\/\/proyector.info\/en\/#\/schema\/person\/13cea6acafbaf2f5d74c61e1c29e6034","name":"proyector_admin","image":{"@type":"ImageObject","inLanguage":"en-US","@id":"https:\/\/secure.gravatar.com\/avatar\/9b937505221297e25cefeb3c2d1f2aba5165355fb0778955fc209dc6b38729a3?s=96&d=mm&r=g","url":"https:\/\/secure.gravatar.com\/avatar\/9b937505221297e25cefeb3c2d1f2aba5165355fb0778955fc209dc6b38729a3?s=96&d=mm&r=g","contentUrl":"https:\/\/secure.gravatar.com\/avatar\/9b937505221297e25cefeb3c2d1f2aba5165355fb0778955fc209dc6b38729a3?s=96&d=mm&r=g","caption":"proyector_admin"},"sameAs":["https:\/\/proyector.info"]}]}},"jetpack_featured_media_url":"https:\/\/proyector.info\/wp-content\/uploads\/2025\/05\/PROYECTOR2025_cartel_horizontal-1.jpg","wps_subtitle":"","_links":{"self":[{"href":"https:\/\/proyector.info\/en\/wp-json\/wp\/v2\/posts\/7659","targetHints":{"allow":["GET"]}}],"collection":[{"href":"https:\/\/proyector.info\/en\/wp-json\/wp\/v2\/posts"}],"about":[{"href":"https:\/\/proyector.info\/en\/wp-json\/wp\/v2\/types\/post"}],"author":[{"embeddable":true,"href":"https:\/\/proyector.info\/en\/wp-json\/wp\/v2\/users\/1"}],"replies":[{"embeddable":true,"href":"https:\/\/proyector.info\/en\/wp-json\/wp\/v2\/comments?post=7659"}],"version-history":[{"count":27,"href":"https:\/\/proyector.info\/en\/wp-json\/wp\/v2\/posts\/7659\/revisions"}],"predecessor-version":[{"id":16342,"href":"https:\/\/proyector.info\/en\/wp-json\/wp\/v2\/posts\/7659\/revisions\/16342"}],"wp:featuredmedia":[{"embeddable":true,"href":"https:\/\/proyector.info\/en\/wp-json\/wp\/v2\/media\/23156"}],"wp:attachment":[{"href":"https:\/\/proyector.info\/en\/wp-json\/wp\/v2\/media?parent=7659"}],"wp:term":[{"taxonomy":"category","embeddable":true,"href":"https:\/\/proyector.info\/en\/wp-json\/wp\/v2\/categories?post=7659"},{"taxonomy":"post_tag","embeddable":true,"href":"https:\/\/proyector.info\/en\/wp-json\/wp\/v2\/tags?post=7659"},{"taxonomy":"event","embeddable":true,"href":"https:\/\/proyector.info\/en\/wp-json\/wp\/v2\/event?post=7659"},{"taxonomy":"venue","embeddable":true,"href":"https:\/\/proyector.info\/en\/wp-json\/wp\/v2\/venue?post=7659"}],"curies":[{"name":"wp","href":"https:\/\/api.w.org\/{rel}","templated":true}]}}