{"id":24705,"date":"2026-09-03T18:12:20","date_gmt":"2026-09-03T16:12:20","guid":{"rendered":"https:\/\/proyector.info\/?p=24705"},"modified":"2026-09-03T18:13:07","modified_gmt":"2026-09-03T16:13:07","slug":"off-ciclo-de-cine-y-nuevos-medios-los-comunes-del-cine","status":"publish","type":"post","link":"https:\/\/proyector.info\/en\/off-ciclo-de-cine-y-nuevos-medios-los-comunes-del-cine\/","title":{"rendered":"(OFF) Ciclo de cine y nuevos medios: Los comunes del cine"},"content":{"rendered":"\n<p class=\"wp-block-paragraph\"><strong>RECORRIDO OFF<\/strong><\/p>\n\n\n\n<p class=\"wp-block-paragraph\"><em>LOS COMUNES DEL CINE: RECLAMAR LA TIERRA<\/em><\/p>\n\n\n\n<p class=\"wp-block-paragraph\">Los Comunes del Cine\u202fes un proyecto europeo bianual de investigaci\u00f3n, programaci\u00f3n y edici\u00f3n que explora c\u00f3mo el cine articula comunidades interpretativas, fomenta el debate colectivo e idea propuestas para el espacio com\u00fan. Esta entrega est\u00e1 dedicada a las po\u00e9ticas de la tierra, concebidas como un espacio horizontal de propiedad distribuida, pero tambi\u00e9n como un aprendizaje con el que reconstruir un imaginario f\u00edlmico anclado en la reivindicaci\u00f3n del territorio. La edici\u00f3n se compone de dos momentos: un programa de proyecciones y debate en septiembre, comisariado por la historiadora y programadora Raquel Schefer, con la presencia de la cineasta Filipa C\u00e9sar, y un foco en diciembre dedicado al artista Ben Russell, cuya pr\u00e1ctica se ha centrado en procesos de acci\u00f3n directa en di\u00e1logo con distintos colectivos y agentes sociales en pugna por la representaci\u00f3n del trabajo y el uso comunal de la tierra.<\/p>\n\n\n\n<p class=\"wp-block-paragraph\"><\/p>\n\n\n\n<p class=\"wp-block-paragraph\"><strong>JUEVES 10 a las 19H<\/strong>:<em> Fantasmas se ciernen sobre Europa<\/em><\/p>\n\n\n\n<p class=\"wp-block-paragraph\"><strong>VIERNES 11 a las 19H:<\/strong> <em>Profanaciones e im\u00e1genes de pensamiento<\/em><\/p>\n\n\n\n<p class=\"wp-block-paragraph\"><strong>S\u00c1BADO 12 a las 19H:<\/strong> <em>Un cine de muertos y vivos<\/em><\/p>\n\n\n\n<p class=\"wp-block-paragraph\"><\/p>\n\n\n\n<p class=\"wp-block-paragraph\">Evento gratuito con reserva previa de entradas en <a href=\"https:\/\/entradas.museoreinasofia.es\/es\/143-web-individual\/14292-espectros-tacticos-visiones-del-cine-anticolonial-y-decolonial\/info?_gl=1*1pqjamc*_gcl_au*MTQwOTI4NDQyNC4xNzg4NDQ5OTAw*_ga*NzI0MzU3NzUwLjE3NzU3NDM0NTU.*_ga_KLW9W8HDKR*czE3ODg0NDk5MDAkbzUkZzEkdDE3ODg0NTE2NjckajYwJGwwJGgw\">el siguiente link<\/a><\/p>\n","protected":false},"excerpt":{"rendered":"<p>RECORRIDO OFF LOS COMUNES DEL CINE: RECLAMAR LA TIERRA Los Comunes del Cine\u202fes un proyecto europeo bianual de investigaci\u00f3n, programaci\u00f3n<\/p>\n","protected":false},"author":3,"featured_media":24706,"comment_status":"closed","ping_status":"closed","sticky":false,"template":"","format":"standard","meta":{"footnotes":""},"categories":[],"tags":[1218,1126],"event":[773],"venue":[1248],"class_list":["post-24705","post","type-post","status-publish","format-standard","has-post-thumbnail","hentry","tag-festival-2026","tag-recorrido-off","event-proyector-2026-es","venue-mncars-museo-nacional-centro-arte-reina-sofia"],"yoast_head":"<!-- This site is optimized with the Yoast SEO plugin v27.4 - https:\/\/yoast.com\/product\/yoast-seo-wordpress\/ -->\n<title>(OFF) Ciclo de cine y nuevos medios: Los comunes del cine - PROYECTOR<\/title>\n<meta name=\"robots\" content=\"index, follow, max-snippet:-1, max-image-preview:large, max-video-preview:-1\" \/>\n<link rel=\"canonical\" href=\"https:\/\/proyector.info\/off-ciclo-de-cine-y-nuevos-medios-los-comunes-del-cine\/\" \/>\n<meta property=\"og:locale\" content=\"en_US\" \/>\n<meta property=\"og:type\" content=\"article\" \/>\n<meta property=\"og:title\" content=\"(OFF) Ciclo de cine y nuevos medios: Los comunes del cine - PROYECTOR\" \/>\n<meta property=\"og:description\" content=\"RECORRIDO OFF LOS COMUNES DEL CINE: RECLAMAR LA TIERRA Los Comunes del Cine\u202fes un proyecto europeo bianual de investigaci\u00f3n, programaci\u00f3n\" \/>\n<meta property=\"og:url\" content=\"https:\/\/proyector.info\/off-ciclo-de-cine-y-nuevos-medios-los-comunes-del-cine\/\" \/>\n<meta property=\"og:site_name\" content=\"PROYECTOR\" \/>\n<meta property=\"article:publisher\" content=\"https:\/\/www.facebook.com\/proyectorvideoartfestival\/\" \/>\n<meta property=\"article:published_time\" content=\"2026-09-03T16:12:20+00:00\" \/>\n<meta property=\"article:modified_time\" content=\"2026-09-03T16:13:07+00:00\" \/>\n<meta property=\"og:image\" content=\"https:\/\/proyector.info\/wp-content\/uploads\/2026\/09\/1_0__1___1_.jpeg\" \/>\n\t<meta property=\"og:image:width\" content=\"1920\" \/>\n\t<meta property=\"og:image:height\" content=\"1080\" \/>\n\t<meta property=\"og:image:type\" content=\"image\/jpeg\" \/>\n<meta name=\"author\" content=\"Proyector\" \/>\n<meta name=\"twitter:card\" content=\"summary_large_image\" \/>\n<meta name=\"twitter:creator\" content=\"@PROYECTOR_fest\" \/>\n<meta name=\"twitter:site\" content=\"@PROYECTOR_fest\" \/>\n<meta name=\"twitter:label1\" content=\"Written by\" \/>\n\t<meta name=\"twitter:data1\" content=\"Proyector\" \/>\n\t<meta name=\"twitter:label2\" content=\"Est. reading time\" \/>\n\t<meta name=\"twitter:data2\" content=\"2 minutes\" \/>\n<script type=\"application\/ld+json\" class=\"yoast-schema-graph\">{\"@context\":\"https:\\\/\\\/schema.org\",\"@graph\":[{\"@type\":\"Article\",\"@id\":\"https:\\\/\\\/proyector.info\\\/off-ciclo-de-cine-y-nuevos-medios-los-comunes-del-cine\\\/#article\",\"isPartOf\":{\"@id\":\"https:\\\/\\\/proyector.info\\\/off-ciclo-de-cine-y-nuevos-medios-los-comunes-del-cine\\\/\"},\"author\":{\"name\":\"Proyector\",\"@id\":\"https:\\\/\\\/proyector.info\\\/en\\\/#\\\/schema\\\/person\\\/abb9cea99db07dc7170b42812f98cad5\"},\"headline\":\"(OFF) Ciclo de cine y nuevos medios: Los comunes del cine\",\"datePublished\":\"2026-09-03T16:12:20+00:00\",\"dateModified\":\"2026-09-03T16:13:07+00:00\",\"mainEntityOfPage\":{\"@id\":\"https:\\\/\\\/proyector.info\\\/off-ciclo-de-cine-y-nuevos-medios-los-comunes-del-cine\\\/\"},\"wordCount\":218,\"publisher\":{\"@id\":\"https:\\\/\\\/proyector.info\\\/en\\\/#organization\"},\"image\":{\"@id\":\"https:\\\/\\\/proyector.info\\\/off-ciclo-de-cine-y-nuevos-medios-los-comunes-del-cine\\\/#primaryimage\"},\"thumbnailUrl\":\"https:\\\/\\\/proyector.info\\\/wp-content\\\/uploads\\\/2026\\\/09\\\/1_0__1___1_.jpeg\",\"keywords\":[\"Festival 2026\",\"Recorrido OFF\"],\"inLanguage\":\"en-US\"},{\"@type\":\"WebPage\",\"@id\":\"https:\\\/\\\/proyector.info\\\/off-ciclo-de-cine-y-nuevos-medios-los-comunes-del-cine\\\/\",\"url\":\"https:\\\/\\\/proyector.info\\\/off-ciclo-de-cine-y-nuevos-medios-los-comunes-del-cine\\\/\",\"name\":\"(OFF) Ciclo de cine y nuevos medios: Los comunes del cine - PROYECTOR\",\"isPartOf\":{\"@id\":\"https:\\\/\\\/proyector.info\\\/en\\\/#website\"},\"primaryImageOfPage\":{\"@id\":\"https:\\\/\\\/proyector.info\\\/off-ciclo-de-cine-y-nuevos-medios-los-comunes-del-cine\\\/#primaryimage\"},\"image\":{\"@id\":\"https:\\\/\\\/proyector.info\\\/off-ciclo-de-cine-y-nuevos-medios-los-comunes-del-cine\\\/#primaryimage\"},\"thumbnailUrl\":\"https:\\\/\\\/proyector.info\\\/wp-content\\\/uploads\\\/2026\\\/09\\\/1_0__1___1_.jpeg\",\"datePublished\":\"2026-09-03T16:12:20+00:00\",\"dateModified\":\"2026-09-03T16:13:07+00:00\",\"breadcrumb\":{\"@id\":\"https:\\\/\\\/proyector.info\\\/off-ciclo-de-cine-y-nuevos-medios-los-comunes-del-cine\\\/#breadcrumb\"},\"inLanguage\":\"en-US\",\"potentialAction\":[{\"@type\":\"ReadAction\",\"target\":[\"https:\\\/\\\/proyector.info\\\/off-ciclo-de-cine-y-nuevos-medios-los-comunes-del-cine\\\/\"]}]},{\"@type\":\"ImageObject\",\"inLanguage\":\"en-US\",\"@id\":\"https:\\\/\\\/proyector.info\\\/off-ciclo-de-cine-y-nuevos-medios-los-comunes-del-cine\\\/#primaryimage\",\"url\":\"https:\\\/\\\/proyector.info\\\/wp-content\\\/uploads\\\/2026\\\/09\\\/1_0__1___1_.jpeg\",\"contentUrl\":\"https:\\\/\\\/proyector.info\\\/wp-content\\\/uploads\\\/2026\\\/09\\\/1_0__1___1_.jpeg\",\"width\":1920,\"height\":1080},{\"@type\":\"BreadcrumbList\",\"@id\":\"https:\\\/\\\/proyector.info\\\/off-ciclo-de-cine-y-nuevos-medios-los-comunes-del-cine\\\/#breadcrumb\",\"itemListElement\":[{\"@type\":\"ListItem\",\"position\":1,\"name\":\"Portada\",\"item\":\"https:\\\/\\\/proyector.info\\\/en\\\/\"},{\"@type\":\"ListItem\",\"position\":2,\"name\":\"(OFF) Ciclo de cine y nuevos medios: Los comunes del cine\"}]},{\"@type\":\"WebSite\",\"@id\":\"https:\\\/\\\/proyector.info\\\/en\\\/#website\",\"url\":\"https:\\\/\\\/proyector.info\\\/en\\\/\",\"name\":\"PROYECTOR\",\"description\":\"Plataforma de Imagen en Movimiento\",\"publisher\":{\"@id\":\"https:\\\/\\\/proyector.info\\\/en\\\/#organization\"},\"potentialAction\":[{\"@type\":\"SearchAction\",\"target\":{\"@type\":\"EntryPoint\",\"urlTemplate\":\"https:\\\/\\\/proyector.info\\\/en\\\/?s={search_term_string}\"},\"query-input\":{\"@type\":\"PropertyValueSpecification\",\"valueRequired\":true,\"valueName\":\"search_term_string\"}}],\"inLanguage\":\"en-US\"},{\"@type\":\"Organization\",\"@id\":\"https:\\\/\\\/proyector.info\\\/en\\\/#organization\",\"name\":\"PROYECTOR\",\"url\":\"https:\\\/\\\/proyector.info\\\/en\\\/\",\"logo\":{\"@type\":\"ImageObject\",\"inLanguage\":\"en-US\",\"@id\":\"https:\\\/\\\/proyector.info\\\/en\\\/#\\\/schema\\\/logo\\\/image\\\/\",\"url\":\"https:\\\/\\\/proyector.info\\\/wp-content\\\/uploads\\\/2025\\\/07\\\/cropped-proyector_icono.png\",\"contentUrl\":\"https:\\\/\\\/proyector.info\\\/wp-content\\\/uploads\\\/2025\\\/07\\\/cropped-proyector_icono.png\",\"width\":512,\"height\":512,\"caption\":\"PROYECTOR\"},\"image\":{\"@id\":\"https:\\\/\\\/proyector.info\\\/en\\\/#\\\/schema\\\/logo\\\/image\\\/\"},\"sameAs\":[\"https:\\\/\\\/www.facebook.com\\\/proyectorvideoartfestival\\\/\",\"https:\\\/\\\/x.com\\\/PROYECTOR_fest\",\"https:\\\/\\\/www.instagram.com\\\/proyector_videoartplatform\\\/\",\"https:\\\/\\\/www.tiktok.com\\\/@proyector_fest\",\"https:\\\/\\\/www.youtube.com\\\/user\\\/proyectorvideoart\",\"https:\\\/\\\/vimeo.com\\\/proyectorvideoart\",\"https:\\\/\\\/www.linkedin.com\\\/company\\\/proyector\\\/\"]},{\"@type\":\"Person\",\"@id\":\"https:\\\/\\\/proyector.info\\\/en\\\/#\\\/schema\\\/person\\\/abb9cea99db07dc7170b42812f98cad5\",\"name\":\"Proyector\",\"image\":{\"@type\":\"ImageObject\",\"inLanguage\":\"en-US\",\"@id\":\"https:\\\/\\\/secure.gravatar.com\\\/avatar\\\/f49d7162f211f1a07dff04e3dad341e5eb64a7c120d52f81afa1cae71ddfeba6?s=96&d=mm&r=g\",\"url\":\"https:\\\/\\\/secure.gravatar.com\\\/avatar\\\/f49d7162f211f1a07dff04e3dad341e5eb64a7c120d52f81afa1cae71ddfeba6?s=96&d=mm&r=g\",\"contentUrl\":\"https:\\\/\\\/secure.gravatar.com\\\/avatar\\\/f49d7162f211f1a07dff04e3dad341e5eb64a7c120d52f81afa1cae71ddfeba6?s=96&d=mm&r=g\",\"caption\":\"Proyector\"}}]}<\/script>\n<!-- \/ Yoast SEO plugin. -->","yoast_head_json":{"title":"(OFF) Ciclo de cine y nuevos medios: Los comunes del cine - PROYECTOR","robots":{"index":"index","follow":"follow","max-snippet":"max-snippet:-1","max-image-preview":"max-image-preview:large","max-video-preview":"max-video-preview:-1"},"canonical":"https:\/\/proyector.info\/off-ciclo-de-cine-y-nuevos-medios-los-comunes-del-cine\/","og_locale":"en_US","og_type":"article","og_title":"(OFF) Ciclo de cine y nuevos medios: Los comunes del cine - PROYECTOR","og_description":"RECORRIDO OFF LOS COMUNES DEL CINE: RECLAMAR LA TIERRA Los Comunes del Cine\u202fes un proyecto europeo bianual de investigaci\u00f3n, programaci\u00f3n","og_url":"https:\/\/proyector.info\/off-ciclo-de-cine-y-nuevos-medios-los-comunes-del-cine\/","og_site_name":"PROYECTOR","article_publisher":"https:\/\/www.facebook.com\/proyectorvideoartfestival\/","article_published_time":"2026-09-03T16:12:20+00:00","article_modified_time":"2026-09-03T16:13:07+00:00","og_image":[{"width":1920,"height":1080,"url":"https:\/\/proyector.info\/wp-content\/uploads\/2026\/09\/1_0__1___1_.jpeg","type":"image\/jpeg"}],"author":"Proyector","twitter_card":"summary_large_image","twitter_creator":"@PROYECTOR_fest","twitter_site":"@PROYECTOR_fest","twitter_misc":{"Written by":"Proyector","Est. reading time":"2 minutes"},"schema":{"@context":"https:\/\/schema.org","@graph":[{"@type":"Article","@id":"https:\/\/proyector.info\/off-ciclo-de-cine-y-nuevos-medios-los-comunes-del-cine\/#article","isPartOf":{"@id":"https:\/\/proyector.info\/off-ciclo-de-cine-y-nuevos-medios-los-comunes-del-cine\/"},"author":{"name":"Proyector","@id":"https:\/\/proyector.info\/en\/#\/schema\/person\/abb9cea99db07dc7170b42812f98cad5"},"headline":"(OFF) Ciclo de cine y nuevos medios: Los comunes del cine","datePublished":"2026-09-03T16:12:20+00:00","dateModified":"2026-09-03T16:13:07+00:00","mainEntityOfPage":{"@id":"https:\/\/proyector.info\/off-ciclo-de-cine-y-nuevos-medios-los-comunes-del-cine\/"},"wordCount":218,"publisher":{"@id":"https:\/\/proyector.info\/en\/#organization"},"image":{"@id":"https:\/\/proyector.info\/off-ciclo-de-cine-y-nuevos-medios-los-comunes-del-cine\/#primaryimage"},"thumbnailUrl":"https:\/\/proyector.info\/wp-content\/uploads\/2026\/09\/1_0__1___1_.jpeg","keywords":["Festival 2026","Recorrido OFF"],"inLanguage":"en-US"},{"@type":"WebPage","@id":"https:\/\/proyector.info\/off-ciclo-de-cine-y-nuevos-medios-los-comunes-del-cine\/","url":"https:\/\/proyector.info\/off-ciclo-de-cine-y-nuevos-medios-los-comunes-del-cine\/","name":"(OFF) Ciclo de cine y nuevos medios: Los comunes del cine - PROYECTOR","isPartOf":{"@id":"https:\/\/proyector.info\/en\/#website"},"primaryImageOfPage":{"@id":"https:\/\/proyector.info\/off-ciclo-de-cine-y-nuevos-medios-los-comunes-del-cine\/#primaryimage"},"image":{"@id":"https:\/\/proyector.info\/off-ciclo-de-cine-y-nuevos-medios-los-comunes-del-cine\/#primaryimage"},"thumbnailUrl":"https:\/\/proyector.info\/wp-content\/uploads\/2026\/09\/1_0__1___1_.jpeg","datePublished":"2026-09-03T16:12:20+00:00","dateModified":"2026-09-03T16:13:07+00:00","breadcrumb":{"@id":"https:\/\/proyector.info\/off-ciclo-de-cine-y-nuevos-medios-los-comunes-del-cine\/#breadcrumb"},"inLanguage":"en-US","potentialAction":[{"@type":"ReadAction","target":["https:\/\/proyector.info\/off-ciclo-de-cine-y-nuevos-medios-los-comunes-del-cine\/"]}]},{"@type":"ImageObject","inLanguage":"en-US","@id":"https:\/\/proyector.info\/off-ciclo-de-cine-y-nuevos-medios-los-comunes-del-cine\/#primaryimage","url":"https:\/\/proyector.info\/wp-content\/uploads\/2026\/09\/1_0__1___1_.jpeg","contentUrl":"https:\/\/proyector.info\/wp-content\/uploads\/2026\/09\/1_0__1___1_.jpeg","width":1920,"height":1080},{"@type":"BreadcrumbList","@id":"https:\/\/proyector.info\/off-ciclo-de-cine-y-nuevos-medios-los-comunes-del-cine\/#breadcrumb","itemListElement":[{"@type":"ListItem","position":1,"name":"Portada","item":"https:\/\/proyector.info\/en\/"},{"@type":"ListItem","position":2,"name":"(OFF) Ciclo de cine y nuevos medios: Los comunes del cine"}]},{"@type":"WebSite","@id":"https:\/\/proyector.info\/en\/#website","url":"https:\/\/proyector.info\/en\/","name":"PROYECTOR","description":"Plataforma de Imagen en Movimiento","publisher":{"@id":"https:\/\/proyector.info\/en\/#organization"},"potentialAction":[{"@type":"SearchAction","target":{"@type":"EntryPoint","urlTemplate":"https:\/\/proyector.info\/en\/?s={search_term_string}"},"query-input":{"@type":"PropertyValueSpecification","valueRequired":true,"valueName":"search_term_string"}}],"inLanguage":"en-US"},{"@type":"Organization","@id":"https:\/\/proyector.info\/en\/#organization","name":"PROYECTOR","url":"https:\/\/proyector.info\/en\/","logo":{"@type":"ImageObject","inLanguage":"en-US","@id":"https:\/\/proyector.info\/en\/#\/schema\/logo\/image\/","url":"https:\/\/proyector.info\/wp-content\/uploads\/2025\/07\/cropped-proyector_icono.png","contentUrl":"https:\/\/proyector.info\/wp-content\/uploads\/2025\/07\/cropped-proyector_icono.png","width":512,"height":512,"caption":"PROYECTOR"},"image":{"@id":"https:\/\/proyector.info\/en\/#\/schema\/logo\/image\/"},"sameAs":["https:\/\/www.facebook.com\/proyectorvideoartfestival\/","https:\/\/x.com\/PROYECTOR_fest","https:\/\/www.instagram.com\/proyector_videoartplatform\/","https:\/\/www.tiktok.com\/@proyector_fest","https:\/\/www.youtube.com\/user\/proyectorvideoart","https:\/\/vimeo.com\/proyectorvideoart","https:\/\/www.linkedin.com\/company\/proyector\/"]},{"@type":"Person","@id":"https:\/\/proyector.info\/en\/#\/schema\/person\/abb9cea99db07dc7170b42812f98cad5","name":"Proyector","image":{"@type":"ImageObject","inLanguage":"en-US","@id":"https:\/\/secure.gravatar.com\/avatar\/f49d7162f211f1a07dff04e3dad341e5eb64a7c120d52f81afa1cae71ddfeba6?s=96&d=mm&r=g","url":"https:\/\/secure.gravatar.com\/avatar\/f49d7162f211f1a07dff04e3dad341e5eb64a7c120d52f81afa1cae71ddfeba6?s=96&d=mm&r=g","contentUrl":"https:\/\/secure.gravatar.com\/avatar\/f49d7162f211f1a07dff04e3dad341e5eb64a7c120d52f81afa1cae71ddfeba6?s=96&d=mm&r=g","caption":"Proyector"}}]}},"jetpack_featured_media_url":"https:\/\/proyector.info\/wp-content\/uploads\/2026\/09\/1_0__1___1_.jpeg","wps_subtitle":"","_links":{"self":[{"href":"https:\/\/proyector.info\/en\/wp-json\/wp\/v2\/posts\/24705","targetHints":{"allow":["GET"]}}],"collection":[{"href":"https:\/\/proyector.info\/en\/wp-json\/wp\/v2\/posts"}],"about":[{"href":"https:\/\/proyector.info\/en\/wp-json\/wp\/v2\/types\/post"}],"author":[{"embeddable":true,"href":"https:\/\/proyector.info\/en\/wp-json\/wp\/v2\/users\/3"}],"replies":[{"embeddable":true,"href":"https:\/\/proyector.info\/en\/wp-json\/wp\/v2\/comments?post=24705"}],"version-history":[{"count":1,"href":"https:\/\/proyector.info\/en\/wp-json\/wp\/v2\/posts\/24705\/revisions"}],"predecessor-version":[{"id":24708,"href":"https:\/\/proyector.info\/en\/wp-json\/wp\/v2\/posts\/24705\/revisions\/24708"}],"wp:featuredmedia":[{"embeddable":true,"href":"https:\/\/proyector.info\/en\/wp-json\/wp\/v2\/media\/24706"}],"wp:attachment":[{"href":"https:\/\/proyector.info\/en\/wp-json\/wp\/v2\/media?parent=24705"}],"wp:term":[{"taxonomy":"category","embeddable":true,"href":"https:\/\/proyector.info\/en\/wp-json\/wp\/v2\/categories?post=24705"},{"taxonomy":"post_tag","embeddable":true,"href":"https:\/\/proyector.info\/en\/wp-json\/wp\/v2\/tags?post=24705"},{"taxonomy":"event","embeddable":true,"href":"https:\/\/proyector.info\/en\/wp-json\/wp\/v2\/event?post=24705"},{"taxonomy":"venue","embeddable":true,"href":"https:\/\/proyector.info\/en\/wp-json\/wp\/v2\/venue?post=24705"}],"curies":[{"name":"wp","href":"https:\/\/api.w.org\/{rel}","templated":true}]}}