{"id":23962,"date":"2026-08-10T13:41:54","date_gmt":"2026-08-10T11:41:54","guid":{"rendered":"https:\/\/proyector.info\/?p=23962"},"modified":"2026-08-10T13:41:55","modified_gmt":"2026-08-10T11:41:55","slug":"hecho-en-casa-video-arte-domestico-actual-en-espana-fase-ii","status":"publish","type":"post","link":"https:\/\/proyector.info\/en\/hecho-en-casa-video-arte-domestico-actual-en-espana-fase-ii\/","title":{"rendered":"Hecho en casa &#8211; V\u00eddeo arte dom\u00e9stico actual en Espa\u00f1a (Fase II)"},"content":{"rendered":"\n<p class=\"wp-block-paragraph\">\u00abHecho en casa\u00bb presenta una selecci\u00f3n de veinte trabajos de arte audiovisual realizados durante los \u00faltimos diez a\u00f1os en Espa\u00f1a que, desde el uso de modos de hacer, medios o temas, reflexionan aplicando los \u00e1mbitos del audiovisual dom\u00e9stico, no reglado y al margen de la industria.<\/p>\n\n\n\n<p class=\"wp-block-paragraph\">La exposici\u00f3n agrupa piezas de arte audiovisual elaboradas a partir de temas dom\u00e9sticos (desde la vida cotidiana hasta la recepci\u00f3n de los impactos medi\u00e1ticos), aplicando los legos modos de hacer con tecnolog\u00eda no profesional de los usuarios de manera cr\u00edtica y creativa, tanto registrando y documentando la vida cotidiana como interviniendo material de archivo. La raz\u00f3n de hacer en modo dom\u00e9stico por parte de los artistas, principalmente, adem\u00e1s de promover una est\u00e9tica de cercan\u00eda, proviene de la precariedad en la que se encuentra la producci\u00f3n de arte independiente en este pa\u00eds. En su pr\u00e1ctica art\u00edstica de lo dom\u00e9stico el resultado suele ser, a diferencia de las motivaciones del v\u00eddeo casero usual, cr\u00edtico con las convenciones y poniendo en tela de juicio la cara siempre amable del hogar.<\/p>\n\n\n\n<p class=\"wp-block-paragraph\">La exposici\u00f3n se divide en dos fases, a partir de la ruptura generacional que ha producido la pandemia (sin tratarla, pues merecer\u00eda un monogr\u00e1fico); artistas cuya formaci\u00f3n primera fue anal\u00f3gica y nativos digitales o Generaci\u00f3n Z. A trav\u00e9s de la exposici\u00f3n en dos fases, generacionalmente se proponen dos tipos de mirada cr\u00edtica, ambas con una gran carga emotiva y testimonial, ante las afectividades de las&nbsp;<em>home movies.&nbsp;<\/em><\/p>\n","protected":false},"excerpt":{"rendered":"<p>\u00abHecho en casa\u00bb presenta una selecci\u00f3n de veinte trabajos de arte audiovisual realizados durante los \u00faltimos diez a\u00f1os en Espa\u00f1a<\/p>\n","protected":false},"author":1,"featured_media":23963,"comment_status":"closed","ping_status":"closed","sticky":false,"template":"","format":"standard","meta":{"footnotes":""},"categories":[],"tags":[1126],"event":[657],"venue":[739],"class_list":["post-23962","post","type-post","status-publish","format-standard","has-post-thumbnail","hentry","tag-recorrido-off","event-proyector-2023-es","venue-ccc-condeduque-es"],"yoast_head":"<!-- This site is optimized with the Yoast SEO plugin v27.4 - https:\/\/yoast.com\/product\/yoast-seo-wordpress\/ -->\n<title>Hecho en casa - V\u00eddeo arte dom\u00e9stico actual en Espa\u00f1a (Fase II) - PROYECTOR<\/title>\n<meta name=\"robots\" content=\"index, follow, max-snippet:-1, max-image-preview:large, max-video-preview:-1\" \/>\n<link rel=\"canonical\" href=\"https:\/\/proyector.info\/hecho-en-casa-video-arte-domestico-actual-en-espana-fase-ii\/\" \/>\n<meta property=\"og:locale\" content=\"en_US\" \/>\n<meta property=\"og:type\" content=\"article\" \/>\n<meta property=\"og:title\" content=\"Hecho en casa - V\u00eddeo arte dom\u00e9stico actual en Espa\u00f1a (Fase II) - PROYECTOR\" \/>\n<meta property=\"og:description\" content=\"\u00abHecho en casa\u00bb presenta una selecci\u00f3n de veinte trabajos de arte audiovisual realizados durante los \u00faltimos diez a\u00f1os en Espa\u00f1a\" \/>\n<meta property=\"og:url\" content=\"https:\/\/proyector.info\/hecho-en-casa-video-arte-domestico-actual-en-espana-fase-ii\/\" \/>\n<meta property=\"og:site_name\" content=\"PROYECTOR\" \/>\n<meta property=\"article:publisher\" content=\"https:\/\/www.facebook.com\/proyectorvideoartfestival\/\" \/>\n<meta property=\"article:published_time\" content=\"2026-08-10T11:41:54+00:00\" \/>\n<meta property=\"article:modified_time\" content=\"2026-08-10T11:41:55+00:00\" \/>\n<meta property=\"og:image\" content=\"https:\/\/proyector.info\/wp-content\/uploads\/2026\/08\/CondeDuque-1.jpg\" \/>\n\t<meta property=\"og:image:width\" content=\"1600\" \/>\n\t<meta property=\"og:image:height\" content=\"1083\" \/>\n\t<meta property=\"og:image:type\" content=\"image\/jpeg\" \/>\n<meta name=\"author\" content=\"proyector_admin\" \/>\n<meta name=\"twitter:card\" content=\"summary_large_image\" \/>\n<meta name=\"twitter:creator\" content=\"@PROYECTOR_fest\" \/>\n<meta name=\"twitter:site\" content=\"@PROYECTOR_fest\" \/>\n<meta name=\"twitter:label1\" content=\"Written by\" \/>\n\t<meta name=\"twitter:data1\" content=\"proyector_admin\" \/>\n\t<meta name=\"twitter:label2\" content=\"Est. reading time\" \/>\n\t<meta name=\"twitter:data2\" content=\"2 minutes\" \/>\n<script type=\"application\/ld+json\" class=\"yoast-schema-graph\">{\"@context\":\"https:\\\/\\\/schema.org\",\"@graph\":[{\"@type\":\"Article\",\"@id\":\"https:\\\/\\\/proyector.info\\\/hecho-en-casa-video-arte-domestico-actual-en-espana-fase-ii\\\/#article\",\"isPartOf\":{\"@id\":\"https:\\\/\\\/proyector.info\\\/hecho-en-casa-video-arte-domestico-actual-en-espana-fase-ii\\\/\"},\"author\":{\"name\":\"proyector_admin\",\"@id\":\"https:\\\/\\\/proyector.info\\\/en\\\/#\\\/schema\\\/person\\\/13cea6acafbaf2f5d74c61e1c29e6034\"},\"headline\":\"Hecho en casa &#8211; V\u00eddeo arte dom\u00e9stico actual en Espa\u00f1a (Fase II)\",\"datePublished\":\"2026-08-10T11:41:54+00:00\",\"dateModified\":\"2026-08-10T11:41:55+00:00\",\"mainEntityOfPage\":{\"@id\":\"https:\\\/\\\/proyector.info\\\/hecho-en-casa-video-arte-domestico-actual-en-espana-fase-ii\\\/\"},\"wordCount\":288,\"publisher\":{\"@id\":\"https:\\\/\\\/proyector.info\\\/en\\\/#organization\"},\"image\":{\"@id\":\"https:\\\/\\\/proyector.info\\\/hecho-en-casa-video-arte-domestico-actual-en-espana-fase-ii\\\/#primaryimage\"},\"thumbnailUrl\":\"https:\\\/\\\/proyector.info\\\/wp-content\\\/uploads\\\/2026\\\/08\\\/CondeDuque-1.jpg\",\"keywords\":[\"Recorrido OFF\"],\"inLanguage\":\"en-US\"},{\"@type\":\"WebPage\",\"@id\":\"https:\\\/\\\/proyector.info\\\/hecho-en-casa-video-arte-domestico-actual-en-espana-fase-ii\\\/\",\"url\":\"https:\\\/\\\/proyector.info\\\/hecho-en-casa-video-arte-domestico-actual-en-espana-fase-ii\\\/\",\"name\":\"Hecho en casa - V\u00eddeo arte dom\u00e9stico actual en Espa\u00f1a (Fase II) - PROYECTOR\",\"isPartOf\":{\"@id\":\"https:\\\/\\\/proyector.info\\\/en\\\/#website\"},\"primaryImageOfPage\":{\"@id\":\"https:\\\/\\\/proyector.info\\\/hecho-en-casa-video-arte-domestico-actual-en-espana-fase-ii\\\/#primaryimage\"},\"image\":{\"@id\":\"https:\\\/\\\/proyector.info\\\/hecho-en-casa-video-arte-domestico-actual-en-espana-fase-ii\\\/#primaryimage\"},\"thumbnailUrl\":\"https:\\\/\\\/proyector.info\\\/wp-content\\\/uploads\\\/2026\\\/08\\\/CondeDuque-1.jpg\",\"datePublished\":\"2026-08-10T11:41:54+00:00\",\"dateModified\":\"2026-08-10T11:41:55+00:00\",\"breadcrumb\":{\"@id\":\"https:\\\/\\\/proyector.info\\\/hecho-en-casa-video-arte-domestico-actual-en-espana-fase-ii\\\/#breadcrumb\"},\"inLanguage\":\"en-US\",\"potentialAction\":[{\"@type\":\"ReadAction\",\"target\":[\"https:\\\/\\\/proyector.info\\\/hecho-en-casa-video-arte-domestico-actual-en-espana-fase-ii\\\/\"]}]},{\"@type\":\"ImageObject\",\"inLanguage\":\"en-US\",\"@id\":\"https:\\\/\\\/proyector.info\\\/hecho-en-casa-video-arte-domestico-actual-en-espana-fase-ii\\\/#primaryimage\",\"url\":\"https:\\\/\\\/proyector.info\\\/wp-content\\\/uploads\\\/2026\\\/08\\\/CondeDuque-1.jpg\",\"contentUrl\":\"https:\\\/\\\/proyector.info\\\/wp-content\\\/uploads\\\/2026\\\/08\\\/CondeDuque-1.jpg\",\"width\":1600,\"height\":1083},{\"@type\":\"BreadcrumbList\",\"@id\":\"https:\\\/\\\/proyector.info\\\/hecho-en-casa-video-arte-domestico-actual-en-espana-fase-ii\\\/#breadcrumb\",\"itemListElement\":[{\"@type\":\"ListItem\",\"position\":1,\"name\":\"Portada\",\"item\":\"https:\\\/\\\/proyector.info\\\/en\\\/\"},{\"@type\":\"ListItem\",\"position\":2,\"name\":\"Hecho en casa &#8211; V\u00eddeo arte dom\u00e9stico actual en Espa\u00f1a (Fase II)\"}]},{\"@type\":\"WebSite\",\"@id\":\"https:\\\/\\\/proyector.info\\\/en\\\/#website\",\"url\":\"https:\\\/\\\/proyector.info\\\/en\\\/\",\"name\":\"PROYECTOR\",\"description\":\"Plataforma de Imagen en Movimiento\",\"publisher\":{\"@id\":\"https:\\\/\\\/proyector.info\\\/en\\\/#organization\"},\"potentialAction\":[{\"@type\":\"SearchAction\",\"target\":{\"@type\":\"EntryPoint\",\"urlTemplate\":\"https:\\\/\\\/proyector.info\\\/en\\\/?s={search_term_string}\"},\"query-input\":{\"@type\":\"PropertyValueSpecification\",\"valueRequired\":true,\"valueName\":\"search_term_string\"}}],\"inLanguage\":\"en-US\"},{\"@type\":\"Organization\",\"@id\":\"https:\\\/\\\/proyector.info\\\/en\\\/#organization\",\"name\":\"PROYECTOR\",\"url\":\"https:\\\/\\\/proyector.info\\\/en\\\/\",\"logo\":{\"@type\":\"ImageObject\",\"inLanguage\":\"en-US\",\"@id\":\"https:\\\/\\\/proyector.info\\\/en\\\/#\\\/schema\\\/logo\\\/image\\\/\",\"url\":\"https:\\\/\\\/proyector.info\\\/wp-content\\\/uploads\\\/2025\\\/07\\\/cropped-proyector_icono.png\",\"contentUrl\":\"https:\\\/\\\/proyector.info\\\/wp-content\\\/uploads\\\/2025\\\/07\\\/cropped-proyector_icono.png\",\"width\":512,\"height\":512,\"caption\":\"PROYECTOR\"},\"image\":{\"@id\":\"https:\\\/\\\/proyector.info\\\/en\\\/#\\\/schema\\\/logo\\\/image\\\/\"},\"sameAs\":[\"https:\\\/\\\/www.facebook.com\\\/proyectorvideoartfestival\\\/\",\"https:\\\/\\\/x.com\\\/PROYECTOR_fest\",\"https:\\\/\\\/www.instagram.com\\\/proyector_videoartplatform\\\/\",\"https:\\\/\\\/www.tiktok.com\\\/@proyector_fest\",\"https:\\\/\\\/www.youtube.com\\\/user\\\/proyectorvideoart\",\"https:\\\/\\\/vimeo.com\\\/proyectorvideoart\",\"https:\\\/\\\/www.linkedin.com\\\/company\\\/proyector\\\/\"]},{\"@type\":\"Person\",\"@id\":\"https:\\\/\\\/proyector.info\\\/en\\\/#\\\/schema\\\/person\\\/13cea6acafbaf2f5d74c61e1c29e6034\",\"name\":\"proyector_admin\",\"image\":{\"@type\":\"ImageObject\",\"inLanguage\":\"en-US\",\"@id\":\"https:\\\/\\\/secure.gravatar.com\\\/avatar\\\/9b937505221297e25cefeb3c2d1f2aba5165355fb0778955fc209dc6b38729a3?s=96&d=mm&r=g\",\"url\":\"https:\\\/\\\/secure.gravatar.com\\\/avatar\\\/9b937505221297e25cefeb3c2d1f2aba5165355fb0778955fc209dc6b38729a3?s=96&d=mm&r=g\",\"contentUrl\":\"https:\\\/\\\/secure.gravatar.com\\\/avatar\\\/9b937505221297e25cefeb3c2d1f2aba5165355fb0778955fc209dc6b38729a3?s=96&d=mm&r=g\",\"caption\":\"proyector_admin\"},\"sameAs\":[\"https:\\\/\\\/proyector.info\"]}]}<\/script>\n<!-- \/ Yoast SEO plugin. -->","yoast_head_json":{"title":"Hecho en casa - V\u00eddeo arte dom\u00e9stico actual en Espa\u00f1a (Fase II) - PROYECTOR","robots":{"index":"index","follow":"follow","max-snippet":"max-snippet:-1","max-image-preview":"max-image-preview:large","max-video-preview":"max-video-preview:-1"},"canonical":"https:\/\/proyector.info\/hecho-en-casa-video-arte-domestico-actual-en-espana-fase-ii\/","og_locale":"en_US","og_type":"article","og_title":"Hecho en casa - V\u00eddeo arte dom\u00e9stico actual en Espa\u00f1a (Fase II) - PROYECTOR","og_description":"\u00abHecho en casa\u00bb presenta una selecci\u00f3n de veinte trabajos de arte audiovisual realizados durante los \u00faltimos diez a\u00f1os en Espa\u00f1a","og_url":"https:\/\/proyector.info\/hecho-en-casa-video-arte-domestico-actual-en-espana-fase-ii\/","og_site_name":"PROYECTOR","article_publisher":"https:\/\/www.facebook.com\/proyectorvideoartfestival\/","article_published_time":"2026-08-10T11:41:54+00:00","article_modified_time":"2026-08-10T11:41:55+00:00","og_image":[{"width":1600,"height":1083,"url":"https:\/\/proyector.info\/wp-content\/uploads\/2026\/08\/CondeDuque-1.jpg","type":"image\/jpeg"}],"author":"proyector_admin","twitter_card":"summary_large_image","twitter_creator":"@PROYECTOR_fest","twitter_site":"@PROYECTOR_fest","twitter_misc":{"Written by":"proyector_admin","Est. reading time":"2 minutes"},"schema":{"@context":"https:\/\/schema.org","@graph":[{"@type":"Article","@id":"https:\/\/proyector.info\/hecho-en-casa-video-arte-domestico-actual-en-espana-fase-ii\/#article","isPartOf":{"@id":"https:\/\/proyector.info\/hecho-en-casa-video-arte-domestico-actual-en-espana-fase-ii\/"},"author":{"name":"proyector_admin","@id":"https:\/\/proyector.info\/en\/#\/schema\/person\/13cea6acafbaf2f5d74c61e1c29e6034"},"headline":"Hecho en casa &#8211; V\u00eddeo arte dom\u00e9stico actual en Espa\u00f1a (Fase II)","datePublished":"2026-08-10T11:41:54+00:00","dateModified":"2026-08-10T11:41:55+00:00","mainEntityOfPage":{"@id":"https:\/\/proyector.info\/hecho-en-casa-video-arte-domestico-actual-en-espana-fase-ii\/"},"wordCount":288,"publisher":{"@id":"https:\/\/proyector.info\/en\/#organization"},"image":{"@id":"https:\/\/proyector.info\/hecho-en-casa-video-arte-domestico-actual-en-espana-fase-ii\/#primaryimage"},"thumbnailUrl":"https:\/\/proyector.info\/wp-content\/uploads\/2026\/08\/CondeDuque-1.jpg","keywords":["Recorrido OFF"],"inLanguage":"en-US"},{"@type":"WebPage","@id":"https:\/\/proyector.info\/hecho-en-casa-video-arte-domestico-actual-en-espana-fase-ii\/","url":"https:\/\/proyector.info\/hecho-en-casa-video-arte-domestico-actual-en-espana-fase-ii\/","name":"Hecho en casa - V\u00eddeo arte dom\u00e9stico actual en Espa\u00f1a (Fase II) - PROYECTOR","isPartOf":{"@id":"https:\/\/proyector.info\/en\/#website"},"primaryImageOfPage":{"@id":"https:\/\/proyector.info\/hecho-en-casa-video-arte-domestico-actual-en-espana-fase-ii\/#primaryimage"},"image":{"@id":"https:\/\/proyector.info\/hecho-en-casa-video-arte-domestico-actual-en-espana-fase-ii\/#primaryimage"},"thumbnailUrl":"https:\/\/proyector.info\/wp-content\/uploads\/2026\/08\/CondeDuque-1.jpg","datePublished":"2026-08-10T11:41:54+00:00","dateModified":"2026-08-10T11:41:55+00:00","breadcrumb":{"@id":"https:\/\/proyector.info\/hecho-en-casa-video-arte-domestico-actual-en-espana-fase-ii\/#breadcrumb"},"inLanguage":"en-US","potentialAction":[{"@type":"ReadAction","target":["https:\/\/proyector.info\/hecho-en-casa-video-arte-domestico-actual-en-espana-fase-ii\/"]}]},{"@type":"ImageObject","inLanguage":"en-US","@id":"https:\/\/proyector.info\/hecho-en-casa-video-arte-domestico-actual-en-espana-fase-ii\/#primaryimage","url":"https:\/\/proyector.info\/wp-content\/uploads\/2026\/08\/CondeDuque-1.jpg","contentUrl":"https:\/\/proyector.info\/wp-content\/uploads\/2026\/08\/CondeDuque-1.jpg","width":1600,"height":1083},{"@type":"BreadcrumbList","@id":"https:\/\/proyector.info\/hecho-en-casa-video-arte-domestico-actual-en-espana-fase-ii\/#breadcrumb","itemListElement":[{"@type":"ListItem","position":1,"name":"Portada","item":"https:\/\/proyector.info\/en\/"},{"@type":"ListItem","position":2,"name":"Hecho en casa &#8211; V\u00eddeo arte dom\u00e9stico actual en Espa\u00f1a (Fase II)"}]},{"@type":"WebSite","@id":"https:\/\/proyector.info\/en\/#website","url":"https:\/\/proyector.info\/en\/","name":"PROYECTOR","description":"Plataforma de Imagen en Movimiento","publisher":{"@id":"https:\/\/proyector.info\/en\/#organization"},"potentialAction":[{"@type":"SearchAction","target":{"@type":"EntryPoint","urlTemplate":"https:\/\/proyector.info\/en\/?s={search_term_string}"},"query-input":{"@type":"PropertyValueSpecification","valueRequired":true,"valueName":"search_term_string"}}],"inLanguage":"en-US"},{"@type":"Organization","@id":"https:\/\/proyector.info\/en\/#organization","name":"PROYECTOR","url":"https:\/\/proyector.info\/en\/","logo":{"@type":"ImageObject","inLanguage":"en-US","@id":"https:\/\/proyector.info\/en\/#\/schema\/logo\/image\/","url":"https:\/\/proyector.info\/wp-content\/uploads\/2025\/07\/cropped-proyector_icono.png","contentUrl":"https:\/\/proyector.info\/wp-content\/uploads\/2025\/07\/cropped-proyector_icono.png","width":512,"height":512,"caption":"PROYECTOR"},"image":{"@id":"https:\/\/proyector.info\/en\/#\/schema\/logo\/image\/"},"sameAs":["https:\/\/www.facebook.com\/proyectorvideoartfestival\/","https:\/\/x.com\/PROYECTOR_fest","https:\/\/www.instagram.com\/proyector_videoartplatform\/","https:\/\/www.tiktok.com\/@proyector_fest","https:\/\/www.youtube.com\/user\/proyectorvideoart","https:\/\/vimeo.com\/proyectorvideoart","https:\/\/www.linkedin.com\/company\/proyector\/"]},{"@type":"Person","@id":"https:\/\/proyector.info\/en\/#\/schema\/person\/13cea6acafbaf2f5d74c61e1c29e6034","name":"proyector_admin","image":{"@type":"ImageObject","inLanguage":"en-US","@id":"https:\/\/secure.gravatar.com\/avatar\/9b937505221297e25cefeb3c2d1f2aba5165355fb0778955fc209dc6b38729a3?s=96&d=mm&r=g","url":"https:\/\/secure.gravatar.com\/avatar\/9b937505221297e25cefeb3c2d1f2aba5165355fb0778955fc209dc6b38729a3?s=96&d=mm&r=g","contentUrl":"https:\/\/secure.gravatar.com\/avatar\/9b937505221297e25cefeb3c2d1f2aba5165355fb0778955fc209dc6b38729a3?s=96&d=mm&r=g","caption":"proyector_admin"},"sameAs":["https:\/\/proyector.info"]}]}},"jetpack_featured_media_url":"https:\/\/proyector.info\/wp-content\/uploads\/2026\/08\/CondeDuque-1.jpg","wps_subtitle":"Inauguraci\u00f3n","_links":{"self":[{"href":"https:\/\/proyector.info\/en\/wp-json\/wp\/v2\/posts\/23962","targetHints":{"allow":["GET"]}}],"collection":[{"href":"https:\/\/proyector.info\/en\/wp-json\/wp\/v2\/posts"}],"about":[{"href":"https:\/\/proyector.info\/en\/wp-json\/wp\/v2\/types\/post"}],"author":[{"embeddable":true,"href":"https:\/\/proyector.info\/en\/wp-json\/wp\/v2\/users\/1"}],"replies":[{"embeddable":true,"href":"https:\/\/proyector.info\/en\/wp-json\/wp\/v2\/comments?post=23962"}],"version-history":[{"count":2,"href":"https:\/\/proyector.info\/en\/wp-json\/wp\/v2\/posts\/23962\/revisions"}],"predecessor-version":[{"id":23966,"href":"https:\/\/proyector.info\/en\/wp-json\/wp\/v2\/posts\/23962\/revisions\/23966"}],"wp:featuredmedia":[{"embeddable":true,"href":"https:\/\/proyector.info\/en\/wp-json\/wp\/v2\/media\/23963"}],"wp:attachment":[{"href":"https:\/\/proyector.info\/en\/wp-json\/wp\/v2\/media?parent=23962"}],"wp:term":[{"taxonomy":"category","embeddable":true,"href":"https:\/\/proyector.info\/en\/wp-json\/wp\/v2\/categories?post=23962"},{"taxonomy":"post_tag","embeddable":true,"href":"https:\/\/proyector.info\/en\/wp-json\/wp\/v2\/tags?post=23962"},{"taxonomy":"event","embeddable":true,"href":"https:\/\/proyector.info\/en\/wp-json\/wp\/v2\/event?post=23962"},{"taxonomy":"venue","embeddable":true,"href":"https:\/\/proyector.info\/en\/wp-json\/wp\/v2\/venue?post=23962"}],"curies":[{"name":"wp","href":"https:\/\/api.w.org\/{rel}","templated":true}]}}