{"id":22963,"date":"2026-06-16T11:19:00","date_gmt":"2026-06-16T09:19:00","guid":{"rendered":"https:\/\/proyector.info\/?p=22963"},"modified":"2026-09-01T22:59:45","modified_gmt":"2026-09-01T20:59:45","slug":"nostalgia-del-futuro","status":"publish","type":"post","link":"https:\/\/proyector.info\/en\/nostalgia-del-futuro\/","title":{"rendered":"Nostalgia del futuro"},"content":{"rendered":"\n<p class=\"wp-block-paragraph\"><strong>Andrea Novoa<br>09 &#8211; 17.09.2026<br>Inauguraci\u00f3n y performance 09 septiembre a las 19:30h<\/strong><\/p>\n\n\n\n<p class=\"wp-block-paragraph\"><strong>Instalaci\u00f3n:<\/strong><br>Creaci\u00f3n: Andrea Novoa<br>Producci\u00f3n: Fiorella Cordella<br>Montajista: Carlos Gonz\u00e1lez y Jos\u00e9 Bad\u00eda<\/p>\n\n\n\n<p class=\"wp-block-paragraph\"><strong>Intervenci\u00f3n sonora:<\/strong><br>Creaci\u00f3n e interpretaci\u00f3n por Jos\u00e9 Bad\u00eda, Fiorella Cordella, Carlos Gonz\u00e1lez y Andrea Novoa<br><br><br><em>\u201cLas cosas pasan a nosotros tanto como nosotros pasamos a las cosas.\u201d*<\/em><\/p>\n\n\n\n<p class=\"wp-block-paragraph\">Maurice Merleau-Ponty cuestiona la distancia entre quien observa y aquello que es observado. No existe un paisaje completamente separado de quien lo mira. Lo habitamos, lo atravesamos y, de alguna manera, tambi\u00e9n somos transformados por \u00e9l.<\/p>\n\n\n\n<p class=\"wp-block-paragraph\"><em>Mientras todo cambia<\/em>, de <strong>Andrea Novoa<\/strong>, parte del lago Caburgua, en el sur de Chile, y de una transformaci\u00f3n que ya resulta visible. La disminuci\u00f3n de su caudal, provocada por el cambio clim\u00e1tico y la extracci\u00f3n de recursos, ha modificado radicalmente el paisaje. Las piedras aparecen donde antes estaba el agua, la orilla se extiende y un lugar familiar comienza a volverse irreconocible.<\/p>\n\n\n\n<p class=\"wp-block-paragraph\">La artista observa este cambio y lo convierte en imagen. El celuloide, la luz, el color y la repetici\u00f3n producen variaciones de un mismo paisaje, como si la imagen tampoco pudiera permanecer fija. Las proyecciones se superponen, se reflejan y se transforman sobre distintas superficies. El paisaje deja de ser una representaci\u00f3n estable para convertirse en algo que vuelve a suceder cada vez que es proyectado.<\/p>\n\n\n\n<p class=\"wp-block-paragraph\">Quiz\u00e1s por eso Novoa habla de una <strong>\u201cnostalgia situada en el futuro\u201d<\/strong>. No se trata \u00fanicamente de a\u00f1orar aquello que ya desapareci\u00f3, sino de experimentar anticipadamente la p\u00e9rdida de aquello que todav\u00eda podemos contemplar. Las piedras que emergen son presentes y, al mismo tiempo, vestigios de un paisaje que comienza a pertenecer a la memoria.<\/p>\n\n\n\n<p class=\"wp-block-paragraph\">La materialidad del celuloide introduce otra dimensi\u00f3n. Tocar el agua, tocar la piedra, tocar la pel\u00edcula: frente a la creciente inmaterialidad de las im\u00e1genes contempor\u00e1neas, el trabajo anal\u00f3gico recupera una relaci\u00f3n f\u00edsica con aquello que vemos. La imagen no es solamente una ventana hacia el paisaje, sino otra materia que puede ser transformada, repetida y habitada.<\/p>\n\n\n\n<p class=\"wp-block-paragraph\">\u201c\u00bfDesde d\u00f3nde observamos nosotros ahora?\u201d, se pregunta la artista chilena.<\/p>\n\n\n\n<p class=\"wp-block-paragraph\">Quiz\u00e1s no exista una posici\u00f3n exterior desde la que contemplar el cambio. El paisaje se transforma, pero tambi\u00e9n cambia nuestra manera de estar en \u00e9l, de recordarlo y de imaginarlo.<\/p>\n\n\n\n<p class=\"wp-block-paragraph\"><em>Mientras todo cambia<\/em> nos sit\u00faa precisamente en ese intervalo: entre lo que todav\u00eda permanece y aquello que ya empieza a desaparecer.<\/p>\n\n\n\n<p class=\"wp-block-paragraph\"><em>* Merleau-Ponty, Maurice (1968). The Visible and the Invisible. Evanston: Northwestern University Press.<\/em><\/p>\n\n\n\n<p class=\"wp-block-paragraph\"><\/p>\n\n\n\n<p class=\"wp-block-paragraph\">Texto: <a href=\"https:\/\/proyector.info\/perfil\/joana-groba\/\" type=\"person\" id=\"7891\">Joana Groba<\/a><\/p>\n","protected":false},"excerpt":{"rendered":"<p>Andrea Novoa09 &#8211; 17.09.2026Inauguraci\u00f3n y performance 09 septiembre a las 19:30h Instalaci\u00f3n:Creaci\u00f3n: Andrea NovoaProducci\u00f3n: Fiorella CordellaMontajista: Carlos Gonz\u00e1lez y Jos\u00e9<\/p>\n","protected":false},"author":3,"featured_media":22964,"comment_status":"closed","ping_status":"closed","sticky":false,"template":"","format":"standard","meta":{"footnotes":""},"categories":[],"tags":[],"event":[773],"venue":[352],"class_list":["post-22963","post","type-post","status-publish","format-standard","has-post-thumbnail","hentry","event-proyector-2026-es","venue-cruce-es"],"yoast_head":"<!-- This site is optimized with the Yoast SEO plugin v27.4 - https:\/\/yoast.com\/product\/yoast-seo-wordpress\/ -->\n<title>Nostalgia del futuro - PROYECTOR<\/title>\n<meta name=\"robots\" content=\"index, follow, max-snippet:-1, max-image-preview:large, max-video-preview:-1\" \/>\n<link rel=\"canonical\" href=\"https:\/\/proyector.info\/nostalgia-del-futuro\/\" \/>\n<meta property=\"og:locale\" content=\"en_US\" \/>\n<meta property=\"og:type\" content=\"article\" \/>\n<meta property=\"og:title\" content=\"Nostalgia del futuro - PROYECTOR\" \/>\n<meta property=\"og:description\" content=\"Andrea Novoa09 &#8211; 17.09.2026Inauguraci\u00f3n y performance 09 septiembre a las 19:30h Instalaci\u00f3n:Creaci\u00f3n: Andrea NovoaProducci\u00f3n: Fiorella CordellaMontajista: Carlos Gonz\u00e1lez y Jos\u00e9\" \/>\n<meta property=\"og:url\" content=\"https:\/\/proyector.info\/nostalgia-del-futuro\/\" \/>\n<meta property=\"og:site_name\" content=\"PROYECTOR\" \/>\n<meta property=\"article:publisher\" content=\"https:\/\/www.facebook.com\/proyectorvideoartfestival\/\" \/>\n<meta property=\"article:published_time\" content=\"2026-06-16T09:19:00+00:00\" \/>\n<meta property=\"article:modified_time\" content=\"2026-09-01T20:59:45+00:00\" \/>\n<meta property=\"og:image\" content=\"https:\/\/proyector.info\/wp-content\/uploads\/2026\/06\/Andrea-Novoa.jpg\" \/>\n\t<meta property=\"og:image:width\" content=\"2560\" \/>\n\t<meta property=\"og:image:height\" content=\"1709\" \/>\n\t<meta property=\"og:image:type\" content=\"image\/jpeg\" \/>\n<meta name=\"author\" content=\"Proyector\" \/>\n<meta name=\"twitter:card\" content=\"summary_large_image\" \/>\n<meta name=\"twitter:creator\" content=\"@PROYECTOR_fest\" \/>\n<meta name=\"twitter:site\" content=\"@PROYECTOR_fest\" \/>\n<meta name=\"twitter:label1\" content=\"Written by\" \/>\n\t<meta name=\"twitter:data1\" content=\"Proyector\" \/>\n\t<meta name=\"twitter:label2\" content=\"Est. reading time\" \/>\n\t<meta name=\"twitter:data2\" content=\"3 minutes\" \/>\n<script type=\"application\/ld+json\" class=\"yoast-schema-graph\">{\"@context\":\"https:\\\/\\\/schema.org\",\"@graph\":[{\"@type\":\"Article\",\"@id\":\"https:\\\/\\\/proyector.info\\\/nostalgia-del-futuro\\\/#article\",\"isPartOf\":{\"@id\":\"https:\\\/\\\/proyector.info\\\/nostalgia-del-futuro\\\/\"},\"author\":{\"name\":\"Proyector\",\"@id\":\"https:\\\/\\\/proyector.info\\\/en\\\/#\\\/schema\\\/person\\\/abb9cea99db07dc7170b42812f98cad5\"},\"headline\":\"Nostalgia del futuro\",\"datePublished\":\"2026-06-16T09:19:00+00:00\",\"dateModified\":\"2026-09-01T20:59:45+00:00\",\"mainEntityOfPage\":{\"@id\":\"https:\\\/\\\/proyector.info\\\/nostalgia-del-futuro\\\/\"},\"wordCount\":437,\"publisher\":{\"@id\":\"https:\\\/\\\/proyector.info\\\/en\\\/#organization\"},\"image\":{\"@id\":\"https:\\\/\\\/proyector.info\\\/nostalgia-del-futuro\\\/#primaryimage\"},\"thumbnailUrl\":\"https:\\\/\\\/proyector.info\\\/wp-content\\\/uploads\\\/2026\\\/06\\\/Andrea-Novoa.jpg\",\"inLanguage\":\"en-US\"},{\"@type\":\"WebPage\",\"@id\":\"https:\\\/\\\/proyector.info\\\/nostalgia-del-futuro\\\/\",\"url\":\"https:\\\/\\\/proyector.info\\\/nostalgia-del-futuro\\\/\",\"name\":\"Nostalgia del futuro - PROYECTOR\",\"isPartOf\":{\"@id\":\"https:\\\/\\\/proyector.info\\\/en\\\/#website\"},\"primaryImageOfPage\":{\"@id\":\"https:\\\/\\\/proyector.info\\\/nostalgia-del-futuro\\\/#primaryimage\"},\"image\":{\"@id\":\"https:\\\/\\\/proyector.info\\\/nostalgia-del-futuro\\\/#primaryimage\"},\"thumbnailUrl\":\"https:\\\/\\\/proyector.info\\\/wp-content\\\/uploads\\\/2026\\\/06\\\/Andrea-Novoa.jpg\",\"datePublished\":\"2026-06-16T09:19:00+00:00\",\"dateModified\":\"2026-09-01T20:59:45+00:00\",\"breadcrumb\":{\"@id\":\"https:\\\/\\\/proyector.info\\\/nostalgia-del-futuro\\\/#breadcrumb\"},\"inLanguage\":\"en-US\",\"potentialAction\":[{\"@type\":\"ReadAction\",\"target\":[\"https:\\\/\\\/proyector.info\\\/nostalgia-del-futuro\\\/\"]}]},{\"@type\":\"ImageObject\",\"inLanguage\":\"en-US\",\"@id\":\"https:\\\/\\\/proyector.info\\\/nostalgia-del-futuro\\\/#primaryimage\",\"url\":\"https:\\\/\\\/proyector.info\\\/wp-content\\\/uploads\\\/2026\\\/06\\\/Andrea-Novoa.jpg\",\"contentUrl\":\"https:\\\/\\\/proyector.info\\\/wp-content\\\/uploads\\\/2026\\\/06\\\/Andrea-Novoa.jpg\",\"width\":2560,\"height\":1709},{\"@type\":\"BreadcrumbList\",\"@id\":\"https:\\\/\\\/proyector.info\\\/nostalgia-del-futuro\\\/#breadcrumb\",\"itemListElement\":[{\"@type\":\"ListItem\",\"position\":1,\"name\":\"Portada\",\"item\":\"https:\\\/\\\/proyector.info\\\/en\\\/\"},{\"@type\":\"ListItem\",\"position\":2,\"name\":\"Nostalgia del futuro\"}]},{\"@type\":\"WebSite\",\"@id\":\"https:\\\/\\\/proyector.info\\\/en\\\/#website\",\"url\":\"https:\\\/\\\/proyector.info\\\/en\\\/\",\"name\":\"PROYECTOR\",\"description\":\"Plataforma de Imagen en Movimiento\",\"publisher\":{\"@id\":\"https:\\\/\\\/proyector.info\\\/en\\\/#organization\"},\"potentialAction\":[{\"@type\":\"SearchAction\",\"target\":{\"@type\":\"EntryPoint\",\"urlTemplate\":\"https:\\\/\\\/proyector.info\\\/en\\\/?s={search_term_string}\"},\"query-input\":{\"@type\":\"PropertyValueSpecification\",\"valueRequired\":true,\"valueName\":\"search_term_string\"}}],\"inLanguage\":\"en-US\"},{\"@type\":\"Organization\",\"@id\":\"https:\\\/\\\/proyector.info\\\/en\\\/#organization\",\"name\":\"PROYECTOR\",\"url\":\"https:\\\/\\\/proyector.info\\\/en\\\/\",\"logo\":{\"@type\":\"ImageObject\",\"inLanguage\":\"en-US\",\"@id\":\"https:\\\/\\\/proyector.info\\\/en\\\/#\\\/schema\\\/logo\\\/image\\\/\",\"url\":\"https:\\\/\\\/proyector.info\\\/wp-content\\\/uploads\\\/2025\\\/07\\\/cropped-proyector_icono.png\",\"contentUrl\":\"https:\\\/\\\/proyector.info\\\/wp-content\\\/uploads\\\/2025\\\/07\\\/cropped-proyector_icono.png\",\"width\":512,\"height\":512,\"caption\":\"PROYECTOR\"},\"image\":{\"@id\":\"https:\\\/\\\/proyector.info\\\/en\\\/#\\\/schema\\\/logo\\\/image\\\/\"},\"sameAs\":[\"https:\\\/\\\/www.facebook.com\\\/proyectorvideoartfestival\\\/\",\"https:\\\/\\\/x.com\\\/PROYECTOR_fest\",\"https:\\\/\\\/www.instagram.com\\\/proyector_videoartplatform\\\/\",\"https:\\\/\\\/www.tiktok.com\\\/@proyector_fest\",\"https:\\\/\\\/www.youtube.com\\\/user\\\/proyectorvideoart\",\"https:\\\/\\\/vimeo.com\\\/proyectorvideoart\",\"https:\\\/\\\/www.linkedin.com\\\/company\\\/proyector\\\/\"]},{\"@type\":\"Person\",\"@id\":\"https:\\\/\\\/proyector.info\\\/en\\\/#\\\/schema\\\/person\\\/abb9cea99db07dc7170b42812f98cad5\",\"name\":\"Proyector\",\"image\":{\"@type\":\"ImageObject\",\"inLanguage\":\"en-US\",\"@id\":\"https:\\\/\\\/secure.gravatar.com\\\/avatar\\\/f49d7162f211f1a07dff04e3dad341e5eb64a7c120d52f81afa1cae71ddfeba6?s=96&d=mm&r=g\",\"url\":\"https:\\\/\\\/secure.gravatar.com\\\/avatar\\\/f49d7162f211f1a07dff04e3dad341e5eb64a7c120d52f81afa1cae71ddfeba6?s=96&d=mm&r=g\",\"contentUrl\":\"https:\\\/\\\/secure.gravatar.com\\\/avatar\\\/f49d7162f211f1a07dff04e3dad341e5eb64a7c120d52f81afa1cae71ddfeba6?s=96&d=mm&r=g\",\"caption\":\"Proyector\"}}]}<\/script>\n<!-- \/ Yoast SEO plugin. -->","yoast_head_json":{"title":"Nostalgia del futuro - PROYECTOR","robots":{"index":"index","follow":"follow","max-snippet":"max-snippet:-1","max-image-preview":"max-image-preview:large","max-video-preview":"max-video-preview:-1"},"canonical":"https:\/\/proyector.info\/nostalgia-del-futuro\/","og_locale":"en_US","og_type":"article","og_title":"Nostalgia del futuro - PROYECTOR","og_description":"Andrea Novoa09 &#8211; 17.09.2026Inauguraci\u00f3n y performance 09 septiembre a las 19:30h Instalaci\u00f3n:Creaci\u00f3n: Andrea NovoaProducci\u00f3n: Fiorella CordellaMontajista: Carlos Gonz\u00e1lez y Jos\u00e9","og_url":"https:\/\/proyector.info\/nostalgia-del-futuro\/","og_site_name":"PROYECTOR","article_publisher":"https:\/\/www.facebook.com\/proyectorvideoartfestival\/","article_published_time":"2026-06-16T09:19:00+00:00","article_modified_time":"2026-09-01T20:59:45+00:00","og_image":[{"width":2560,"height":1709,"url":"https:\/\/proyector.info\/wp-content\/uploads\/2026\/06\/Andrea-Novoa.jpg","type":"image\/jpeg"}],"author":"Proyector","twitter_card":"summary_large_image","twitter_creator":"@PROYECTOR_fest","twitter_site":"@PROYECTOR_fest","twitter_misc":{"Written by":"Proyector","Est. reading time":"3 minutes"},"schema":{"@context":"https:\/\/schema.org","@graph":[{"@type":"Article","@id":"https:\/\/proyector.info\/nostalgia-del-futuro\/#article","isPartOf":{"@id":"https:\/\/proyector.info\/nostalgia-del-futuro\/"},"author":{"name":"Proyector","@id":"https:\/\/proyector.info\/en\/#\/schema\/person\/abb9cea99db07dc7170b42812f98cad5"},"headline":"Nostalgia del futuro","datePublished":"2026-06-16T09:19:00+00:00","dateModified":"2026-09-01T20:59:45+00:00","mainEntityOfPage":{"@id":"https:\/\/proyector.info\/nostalgia-del-futuro\/"},"wordCount":437,"publisher":{"@id":"https:\/\/proyector.info\/en\/#organization"},"image":{"@id":"https:\/\/proyector.info\/nostalgia-del-futuro\/#primaryimage"},"thumbnailUrl":"https:\/\/proyector.info\/wp-content\/uploads\/2026\/06\/Andrea-Novoa.jpg","inLanguage":"en-US"},{"@type":"WebPage","@id":"https:\/\/proyector.info\/nostalgia-del-futuro\/","url":"https:\/\/proyector.info\/nostalgia-del-futuro\/","name":"Nostalgia del futuro - PROYECTOR","isPartOf":{"@id":"https:\/\/proyector.info\/en\/#website"},"primaryImageOfPage":{"@id":"https:\/\/proyector.info\/nostalgia-del-futuro\/#primaryimage"},"image":{"@id":"https:\/\/proyector.info\/nostalgia-del-futuro\/#primaryimage"},"thumbnailUrl":"https:\/\/proyector.info\/wp-content\/uploads\/2026\/06\/Andrea-Novoa.jpg","datePublished":"2026-06-16T09:19:00+00:00","dateModified":"2026-09-01T20:59:45+00:00","breadcrumb":{"@id":"https:\/\/proyector.info\/nostalgia-del-futuro\/#breadcrumb"},"inLanguage":"en-US","potentialAction":[{"@type":"ReadAction","target":["https:\/\/proyector.info\/nostalgia-del-futuro\/"]}]},{"@type":"ImageObject","inLanguage":"en-US","@id":"https:\/\/proyector.info\/nostalgia-del-futuro\/#primaryimage","url":"https:\/\/proyector.info\/wp-content\/uploads\/2026\/06\/Andrea-Novoa.jpg","contentUrl":"https:\/\/proyector.info\/wp-content\/uploads\/2026\/06\/Andrea-Novoa.jpg","width":2560,"height":1709},{"@type":"BreadcrumbList","@id":"https:\/\/proyector.info\/nostalgia-del-futuro\/#breadcrumb","itemListElement":[{"@type":"ListItem","position":1,"name":"Portada","item":"https:\/\/proyector.info\/en\/"},{"@type":"ListItem","position":2,"name":"Nostalgia del futuro"}]},{"@type":"WebSite","@id":"https:\/\/proyector.info\/en\/#website","url":"https:\/\/proyector.info\/en\/","name":"PROYECTOR","description":"Plataforma de Imagen en Movimiento","publisher":{"@id":"https:\/\/proyector.info\/en\/#organization"},"potentialAction":[{"@type":"SearchAction","target":{"@type":"EntryPoint","urlTemplate":"https:\/\/proyector.info\/en\/?s={search_term_string}"},"query-input":{"@type":"PropertyValueSpecification","valueRequired":true,"valueName":"search_term_string"}}],"inLanguage":"en-US"},{"@type":"Organization","@id":"https:\/\/proyector.info\/en\/#organization","name":"PROYECTOR","url":"https:\/\/proyector.info\/en\/","logo":{"@type":"ImageObject","inLanguage":"en-US","@id":"https:\/\/proyector.info\/en\/#\/schema\/logo\/image\/","url":"https:\/\/proyector.info\/wp-content\/uploads\/2025\/07\/cropped-proyector_icono.png","contentUrl":"https:\/\/proyector.info\/wp-content\/uploads\/2025\/07\/cropped-proyector_icono.png","width":512,"height":512,"caption":"PROYECTOR"},"image":{"@id":"https:\/\/proyector.info\/en\/#\/schema\/logo\/image\/"},"sameAs":["https:\/\/www.facebook.com\/proyectorvideoartfestival\/","https:\/\/x.com\/PROYECTOR_fest","https:\/\/www.instagram.com\/proyector_videoartplatform\/","https:\/\/www.tiktok.com\/@proyector_fest","https:\/\/www.youtube.com\/user\/proyectorvideoart","https:\/\/vimeo.com\/proyectorvideoart","https:\/\/www.linkedin.com\/company\/proyector\/"]},{"@type":"Person","@id":"https:\/\/proyector.info\/en\/#\/schema\/person\/abb9cea99db07dc7170b42812f98cad5","name":"Proyector","image":{"@type":"ImageObject","inLanguage":"en-US","@id":"https:\/\/secure.gravatar.com\/avatar\/f49d7162f211f1a07dff04e3dad341e5eb64a7c120d52f81afa1cae71ddfeba6?s=96&d=mm&r=g","url":"https:\/\/secure.gravatar.com\/avatar\/f49d7162f211f1a07dff04e3dad341e5eb64a7c120d52f81afa1cae71ddfeba6?s=96&d=mm&r=g","contentUrl":"https:\/\/secure.gravatar.com\/avatar\/f49d7162f211f1a07dff04e3dad341e5eb64a7c120d52f81afa1cae71ddfeba6?s=96&d=mm&r=g","caption":"Proyector"}}]}},"jetpack_featured_media_url":"https:\/\/proyector.info\/wp-content\/uploads\/2026\/06\/Andrea-Novoa.jpg","wps_subtitle":"","_links":{"self":[{"href":"https:\/\/proyector.info\/en\/wp-json\/wp\/v2\/posts\/22963","targetHints":{"allow":["GET"]}}],"collection":[{"href":"https:\/\/proyector.info\/en\/wp-json\/wp\/v2\/posts"}],"about":[{"href":"https:\/\/proyector.info\/en\/wp-json\/wp\/v2\/types\/post"}],"author":[{"embeddable":true,"href":"https:\/\/proyector.info\/en\/wp-json\/wp\/v2\/users\/3"}],"replies":[{"embeddable":true,"href":"https:\/\/proyector.info\/en\/wp-json\/wp\/v2\/comments?post=22963"}],"version-history":[{"count":8,"href":"https:\/\/proyector.info\/en\/wp-json\/wp\/v2\/posts\/22963\/revisions"}],"predecessor-version":[{"id":24518,"href":"https:\/\/proyector.info\/en\/wp-json\/wp\/v2\/posts\/22963\/revisions\/24518"}],"wp:featuredmedia":[{"embeddable":true,"href":"https:\/\/proyector.info\/en\/wp-json\/wp\/v2\/media\/22964"}],"wp:attachment":[{"href":"https:\/\/proyector.info\/en\/wp-json\/wp\/v2\/media?parent=22963"}],"wp:term":[{"taxonomy":"category","embeddable":true,"href":"https:\/\/proyector.info\/en\/wp-json\/wp\/v2\/categories?post=22963"},{"taxonomy":"post_tag","embeddable":true,"href":"https:\/\/proyector.info\/en\/wp-json\/wp\/v2\/tags?post=22963"},{"taxonomy":"event","embeddable":true,"href":"https:\/\/proyector.info\/en\/wp-json\/wp\/v2\/event?post=22963"},{"taxonomy":"venue","embeddable":true,"href":"https:\/\/proyector.info\/en\/wp-json\/wp\/v2\/venue?post=22963"}],"curies":[{"name":"wp","href":"https:\/\/api.w.org\/{rel}","templated":true}]}}