{"id":21621,"date":"2026-04-27T13:31:20","date_gmt":"2026-04-27T11:31:20","guid":{"rendered":"https:\/\/proyector.info\/?p=21621"},"modified":"2026-04-27T23:44:25","modified_gmt":"2026-04-27T21:44:25","slug":"comisariado-internacionales-aguila-2018","status":"publish","type":"post","link":"https:\/\/proyector.info\/en\/comisariado-internacionales-aguila-2018\/","title":{"rendered":"Comisariado Internacionales"},"content":{"rendered":"\n<p class=\"wp-block-paragraph\">Se muestran distintos comisariados de Festivales de relevancia internacional que forman parte de la RED PROYECTOR y colaboran con el Festival a trav\u00e9s del intercambio de contenidos: <a href=\"http:\/\/www.bang-festival.com\/es\"><em>BANG!<\/em><\/a><em> (esp),<\/em><a href=\"http:\/\/fonlad.net\/\"><em> Fonlad <\/em><\/a><em>(por), <\/em><a href=\"http:\/\/www.fusovideoarte.com\/\"><em>Fuso<\/em><\/a><em>\u00a0(por), <\/em><a href=\"http:\/\/www.idfx.nl\/nl\/project\/interference\"><em>Interference<\/em><\/a><em>\u00a0(hol), <\/em><a href=\"http:\/\/www.lecube-art.com\/\"><em>LE QUBE <\/em><\/a><em>\u2013 independent art room (mar), <\/em><a href=\"http:\/\/www.voarte.com\/pt\/festvoarte\/inshadow\/edicao\"><em>InShadow<\/em><\/a><em>\u00a0(por), <\/em><a href=\"http:\/\/okularvideooaxaca.wixsite.com\/festival\"><em>Okular<\/em><\/a><em>\u00a0(m\u00e9x), <\/em><a href=\"http:\/\/www.loeildoodaaq.fr\/\"><em>Oodaaq<\/em><\/a><em>\u00a0(fra), <\/em><a href=\"http:\/\/playvideoarte.wixsite.com\/play\"><em>PLAY<\/em><\/a><em> (arg), <\/em><a href=\"https:\/\/umallikuy.wordpress.com\/\"><em>Umallikuy<\/em><\/a><em> (col), <\/em><a href=\"http:\/\/www.festivalvideobabel.org\/\"><em>VideoBabel<\/em><\/a><em>\u00a0(per), <\/em><a href=\"http:\/\/www.videopoesia.com\/\"><em>Videobardo<\/em><\/a><em>\u00a0(arg), <\/em><a href=\"http:\/\/vafa-videoartforall.blogspot.pt\/\"><em>VAFA \u2013 Video Art For All<\/em><\/a><em> (mac), <\/em><a href=\"http:\/\/www.visualcontainer.org\/\"><em>VisualContainer <\/em><\/a><em>(ita).<\/em><br>Para este a\u00f1o mostraremos los comisariados de:<br><strong><a href=\"http:\/\/2017.screencitybiennial.org\/\">ScreenCity<\/a> (nor) +\u00a0EJECT<\/strong> \u2013 Festival Internacional de Videoperformance (m\u00e9x) +\u00a0<a href=\"http:\/\/www.voarte.com\/en\/festvoarte\/inshadow\/\"><strong>InShadow<\/strong><\/a> (por)\u00a0+ <a href=\"http:\/\/fonlad.net\/\"><strong>FONLAD <\/strong><\/a>(por)<\/p>\n\n\n\n<hr class=\"wp-block-separator has-alpha-channel-opacity\"\/>\n\n\n\n<h2 class=\"wp-block-heading\"><strong>SCREENCITY<\/strong> (nor)<\/h2>\n\n\n\n<p class=\"wp-block-paragraph\">Screen City Biennial (SCB) en Stavanger, la primera Bienal n\u00f3rdica dedicada a la imagen en movimiento expandida en espacio p\u00fablico, presenta obras de arte que exploran la relaci\u00f3n entre la imagen en movimiento, el sonido, la tecnolog\u00eda y el espacio p\u00fablico. Las arquitecturas de la ciudad portuaria noruega Stavanger facilitan una exposici\u00f3n de obras, junto con programas de proyecci\u00f3n e instalaciones de galer\u00eda. La \u00faltima edici\u00f3n se present\u00f3 del 12 al 31 de octubre de 2017.<br>Titulada Migrating Stories, la Bienal de 2017 tom\u00f3 las condiciones contempor\u00e1neas de movimiento como punto de partida y marco tem\u00e1tico para examinar las complejas formas de transici\u00f3n actuales. La Bienal present\u00f3 obras de arte con im\u00e1genes en movimiento expandidas de una amplia lista de artistas internacionales que exploran las complejidades actuales relacionadas con la migraci\u00f3n: obras de arte que reflejan viajes, di\u00e1sporas y pos colonialismo, transformaci\u00f3n del lugar y realidades \u00abalienadas\u00bb. Las pr\u00e1cticas de los artistas tambi\u00e9n abordaron temas relacionados con un futuro posterior al petr\u00f3leo y la migraci\u00f3n en relaci\u00f3n con el cambio clim\u00e1tico. El programa present\u00f3 m\u00e1s de 30 artistas, comisariados por Daniela Arriado y Tanya Toft&nbsp;Ag.<\/p>\n\n\n\n<p class=\"wp-block-paragraph\">Durante 2018, una selecci\u00f3n del programa SCB 2017 recorrer\u00e1 y ser\u00e1 organizada por festivales, instituciones y espacios p\u00fablicos, en Europa, Am\u00e9rica del Sur, Am\u00e9rica del Norte y Asia.La gira actuar\u00e1 en paralelo con el Screen City Research Program (Programa de Investigaci\u00f3n de la Bienal), que incluye el SCB Journal, charlas p\u00fablicas y una serie de conferencias en colaboraci\u00f3n con Urban Media Art Academy (UMAA), una iniciativa educativa global que investiga e intermedia el arte de medios urbanos. como un dominio interdisciplinario de la pr\u00e1ctica, la teor\u00eda y el intercambio de conocimientos.<\/p>\n\n\n\n<p class=\"wp-block-paragraph\"><strong>Nos acompa\u00f1ar\u00e1 la comisaria&nbsp;Daniela Arriado<\/strong><\/p>\n\n\n\n<p class=\"wp-block-paragraph\"><strong>ARTISTAS: Enrique Ram\u00edrez,&nbsp;<\/strong><strong>Marcel Odenbach,&nbsp;<\/strong><strong>Shezad Dawood<\/strong>,&nbsp;<strong>Margarida Paiva,&nbsp;<\/strong><strong>HC Gilje<\/strong><\/p>\n\n\n\n<p class=\"wp-block-paragraph\">Comisarias: <strong>Daniela Arriado y\u00a0Tanya Toft Ag<\/strong><\/p>\n\n\n\n<hr class=\"wp-block-separator has-alpha-channel-opacity\"\/>\n\n\n\n<h2 class=\"wp-block-heading\"><strong>EJECT\u00a0<\/strong>(m\u00e9x)<\/h2>\n\n\n\n<p class=\"wp-block-paragraph\">El Festival Internacional de Videoperformance de la Ciudad de M\u00e9xico EJECT, dirigido por el artista y promotor cultural Pancho L\u00f3pez, comenz\u00f3 en 2006 y se realiz\u00f3 en cinco ocasiones en Ex Teresa Arte Actual y el Laboratorio Arte Alameda, reconocidos espacios culturales mexicanos. Es un festival que busca dialogar con obras de videoperformance, es decir, acciones realizadas ex profeso para la c\u00e1mara que van m\u00e1s all\u00e1 de simples registros o documentaci\u00f3n de obra.<\/p>\n\n\n\n<p class=\"wp-block-paragraph\">El videoperformance es un h\u00edbrido resultante de la cruza de dos propuestas art\u00edsticas: el video \u2013que cuenta con sus propios lenguajes y recursos\u2013 y el performance o arte-acci\u00f3n \u2013cuyo lenguaje es ef\u00edmero\u2013 muy cargado de experimentaci\u00f3n y subjetividad.<\/p>\n\n\n\n<p class=\"wp-block-paragraph\">Este festival ha sido una plataforma para impulsar artistas del videoarte que se enfocan al cuerpo, con diversos discursos que dialogan entre s\u00ed, por ello constantemente se invita a j\u00f3venes gestores a realizar nuevos proyectos curatoriales que actualizan y generan lecturas de su archivo.<\/p>\n\n\n\n<p class=\"wp-block-paragraph\">Esta selecci\u00f3n de ocho piezas, exclusiva para el Festival Proyector 2018, responde a una inquietud por mostrar una faceta del mundo del videoarte latinoamericano, cuya producci\u00f3n se caracteriza por ser un constante traductor de su contexto local y sus complejas realidades sociopol\u00edticas donde el cuerpo es el protagonista.<\/p>\n\n\n\n<p class=\"wp-block-paragraph\">Nos acompa\u00f1ar\u00e1 el comisario&nbsp;<strong>Pancho L\u00f3pez<\/strong><\/p>\n\n\n\n<hr class=\"wp-block-separator has-alpha-channel-opacity\"\/>\n\n\n\n<h2 class=\"wp-block-heading\"><strong>INSHADOW&nbsp;<\/strong>(por)<\/h2>\n\n\n\n<p class=\"wp-block-paragraph\"><strong>InShadow \u2013 Lisbon ScreenDance Festival<\/strong> es una iniciativa innovadora de <strong>Vo\u00b4Arte<\/strong> realizada anualmente en Lisboa, Portugal. Este a\u00f1o es la 10\u00aa edici\u00f3n y transcurre del 15 de noviembre al 15 de diciembre.<\/p>\n\n\n\n<p class=\"wp-block-paragraph\">InShadow es una referencia en el territorio de la creaci\u00f3n contempor\u00e1nea transdisciplinaria, destacando la convergencia entre la imagen y el cuerpo, as\u00ed como procesos de creaci\u00f3n art\u00edstica basados en la tecnolog\u00eda. Explora atm\u00f3sferas interdisciplinarias a trav\u00e9s de la reflexi\u00f3n sobre soluciones est\u00e9ticas y t\u00e9cnicas de representaci\u00f3n del cuerpo en la pantalla, en el escenario y en otros espacios de actuaci\u00f3n.<\/p>\n\n\n\n<p class=\"wp-block-paragraph\">InShadow reflexiona sobre la vitalidad de un di\u00e1logo abierto por el encuentro de la experiencia de artistas consagrados con las visiones de creadores&nbsp;emergentes, donde g\u00e9neros y lenguajes &nbsp;se cruzan en v\u00eddeos, espect\u00e1culos, performances, instalaciones y exposiciones.<\/p>\n\n\n\n<p class=\"wp-block-paragraph\">InShadow, el cuerpo se imagina en la sombra.<\/p>\n\n\n\n<p class=\"wp-block-paragraph\">Nos acompa\u00f1ar\u00e1n los directores <strong>Ana Rita Barata y Pedro Sena Nunes<\/strong><\/p>\n\n\n\n<hr class=\"wp-block-separator has-alpha-channel-opacity\"\/>\n\n\n\n<h2 class=\"wp-block-heading\"><strong>FONLAD <\/strong>(por)<\/h2>\n\n\n\n<p class=\"wp-block-paragraph\">El Festival <strong>Fonlad <\/strong>est\u00e1 organizado por el <em>Projecto Videolab<\/em>, teniendo como principal objetivo la promoci\u00f3n y divulgaci\u00f3n de las artes multimedia, del videoarte y del performance. Creado en 2005, el festival ha promocionado m\u00e1s de 1000 obras de artistas de todo el mundo, a trav\u00e9s de muestras de videoarte, performance y danza contempor\u00e1nea, instalaciones, <em>workshops<\/em> y residencias art\u00edsticas. Colabora con algunos de los mejores festivales de videoarte de Europa, como <em>Magmart<\/em> (Italia), <em>Miden<\/em> (Grecia), <em>Cologne OFF<\/em> (Alemania) y <em>Proyecto<\/em>r (Espa\u00f1a), entre otros.<\/p>\n","protected":false},"excerpt":{"rendered":"<p>Se muestran distintos comisariados de Festivales de relevancia internacional que forman parte de la RED PROYECTOR y colaboran con el<\/p>\n","protected":false},"author":1,"featured_media":21624,"comment_status":"closed","ping_status":"closed","sticky":false,"template":"","format":"standard","meta":{"footnotes":""},"categories":[],"tags":[],"event":[874],"venue":[783],"class_list":["post-21621","post","type-post","status-publish","format-standard","has-post-thumbnail","hentry","event-proyector-2018-es","venue-el-aguila-es"],"yoast_head":"<!-- This site is optimized with the Yoast SEO plugin v27.4 - https:\/\/yoast.com\/product\/yoast-seo-wordpress\/ -->\n<title>Comisariado Internacionales - PROYECTOR<\/title>\n<meta name=\"robots\" content=\"index, follow, max-snippet:-1, max-image-preview:large, max-video-preview:-1\" \/>\n<link rel=\"canonical\" href=\"https:\/\/proyector.info\/comisariado-internacionales-aguila-2018\/\" \/>\n<meta property=\"og:locale\" content=\"en_US\" \/>\n<meta property=\"og:type\" content=\"article\" \/>\n<meta property=\"og:title\" content=\"Comisariado Internacionales - PROYECTOR\" \/>\n<meta property=\"og:description\" content=\"Se muestran distintos comisariados de Festivales de relevancia internacional que forman parte de la RED PROYECTOR y colaboran con el\" \/>\n<meta property=\"og:url\" content=\"https:\/\/proyector.info\/comisariado-internacionales-aguila-2018\/\" \/>\n<meta property=\"og:site_name\" content=\"PROYECTOR\" \/>\n<meta property=\"article:publisher\" content=\"https:\/\/www.facebook.com\/proyectorvideoartfestival\/\" \/>\n<meta property=\"article:published_time\" content=\"2026-04-27T11:31:20+00:00\" \/>\n<meta property=\"article:modified_time\" content=\"2026-04-27T21:44:25+00:00\" \/>\n<meta property=\"og:image\" content=\"https:\/\/proyector.info\/wp-content\/uploads\/2026\/04\/E-Ramirez-Arrive_without_knowing5-768x512-1.jpg\" \/>\n\t<meta property=\"og:image:width\" content=\"768\" \/>\n\t<meta property=\"og:image:height\" content=\"512\" \/>\n\t<meta property=\"og:image:type\" content=\"image\/jpeg\" \/>\n<meta name=\"author\" content=\"proyector_admin\" \/>\n<meta name=\"twitter:card\" content=\"summary_large_image\" \/>\n<meta name=\"twitter:creator\" content=\"@PROYECTOR_fest\" \/>\n<meta name=\"twitter:site\" content=\"@PROYECTOR_fest\" \/>\n<meta name=\"twitter:label1\" content=\"Written by\" \/>\n\t<meta name=\"twitter:data1\" content=\"proyector_admin\" \/>\n\t<meta name=\"twitter:label2\" content=\"Est. reading time\" \/>\n\t<meta name=\"twitter:data2\" content=\"5 minutes\" \/>\n<script type=\"application\/ld+json\" class=\"yoast-schema-graph\">{\"@context\":\"https:\\\/\\\/schema.org\",\"@graph\":[{\"@type\":\"Article\",\"@id\":\"https:\\\/\\\/proyector.info\\\/comisariado-internacionales-aguila-2018\\\/#article\",\"isPartOf\":{\"@id\":\"https:\\\/\\\/proyector.info\\\/comisariado-internacionales-aguila-2018\\\/\"},\"author\":{\"name\":\"proyector_admin\",\"@id\":\"https:\\\/\\\/proyector.info\\\/en\\\/#\\\/schema\\\/person\\\/13cea6acafbaf2f5d74c61e1c29e6034\"},\"headline\":\"Comisariado Internacionales\",\"datePublished\":\"2026-04-27T11:31:20+00:00\",\"dateModified\":\"2026-04-27T21:44:25+00:00\",\"mainEntityOfPage\":{\"@id\":\"https:\\\/\\\/proyector.info\\\/comisariado-internacionales-aguila-2018\\\/\"},\"wordCount\":911,\"publisher\":{\"@id\":\"https:\\\/\\\/proyector.info\\\/en\\\/#organization\"},\"image\":{\"@id\":\"https:\\\/\\\/proyector.info\\\/comisariado-internacionales-aguila-2018\\\/#primaryimage\"},\"thumbnailUrl\":\"https:\\\/\\\/proyector.info\\\/wp-content\\\/uploads\\\/2026\\\/04\\\/E-Ramirez-Arrive_without_knowing5-768x512-1.jpg\",\"inLanguage\":\"en-US\"},{\"@type\":\"WebPage\",\"@id\":\"https:\\\/\\\/proyector.info\\\/comisariado-internacionales-aguila-2018\\\/\",\"url\":\"https:\\\/\\\/proyector.info\\\/comisariado-internacionales-aguila-2018\\\/\",\"name\":\"Comisariado Internacionales - PROYECTOR\",\"isPartOf\":{\"@id\":\"https:\\\/\\\/proyector.info\\\/en\\\/#website\"},\"primaryImageOfPage\":{\"@id\":\"https:\\\/\\\/proyector.info\\\/comisariado-internacionales-aguila-2018\\\/#primaryimage\"},\"image\":{\"@id\":\"https:\\\/\\\/proyector.info\\\/comisariado-internacionales-aguila-2018\\\/#primaryimage\"},\"thumbnailUrl\":\"https:\\\/\\\/proyector.info\\\/wp-content\\\/uploads\\\/2026\\\/04\\\/E-Ramirez-Arrive_without_knowing5-768x512-1.jpg\",\"datePublished\":\"2026-04-27T11:31:20+00:00\",\"dateModified\":\"2026-04-27T21:44:25+00:00\",\"breadcrumb\":{\"@id\":\"https:\\\/\\\/proyector.info\\\/comisariado-internacionales-aguila-2018\\\/#breadcrumb\"},\"inLanguage\":\"en-US\",\"potentialAction\":[{\"@type\":\"ReadAction\",\"target\":[\"https:\\\/\\\/proyector.info\\\/comisariado-internacionales-aguila-2018\\\/\"]}]},{\"@type\":\"ImageObject\",\"inLanguage\":\"en-US\",\"@id\":\"https:\\\/\\\/proyector.info\\\/comisariado-internacionales-aguila-2018\\\/#primaryimage\",\"url\":\"https:\\\/\\\/proyector.info\\\/wp-content\\\/uploads\\\/2026\\\/04\\\/E-Ramirez-Arrive_without_knowing5-768x512-1.jpg\",\"contentUrl\":\"https:\\\/\\\/proyector.info\\\/wp-content\\\/uploads\\\/2026\\\/04\\\/E-Ramirez-Arrive_without_knowing5-768x512-1.jpg\",\"width\":768,\"height\":512},{\"@type\":\"BreadcrumbList\",\"@id\":\"https:\\\/\\\/proyector.info\\\/comisariado-internacionales-aguila-2018\\\/#breadcrumb\",\"itemListElement\":[{\"@type\":\"ListItem\",\"position\":1,\"name\":\"Portada\",\"item\":\"https:\\\/\\\/proyector.info\\\/en\\\/\"},{\"@type\":\"ListItem\",\"position\":2,\"name\":\"Comisariado Internacionales\"}]},{\"@type\":\"WebSite\",\"@id\":\"https:\\\/\\\/proyector.info\\\/en\\\/#website\",\"url\":\"https:\\\/\\\/proyector.info\\\/en\\\/\",\"name\":\"PROYECTOR\",\"description\":\"Plataforma de Imagen en Movimiento\",\"publisher\":{\"@id\":\"https:\\\/\\\/proyector.info\\\/en\\\/#organization\"},\"potentialAction\":[{\"@type\":\"SearchAction\",\"target\":{\"@type\":\"EntryPoint\",\"urlTemplate\":\"https:\\\/\\\/proyector.info\\\/en\\\/?s={search_term_string}\"},\"query-input\":{\"@type\":\"PropertyValueSpecification\",\"valueRequired\":true,\"valueName\":\"search_term_string\"}}],\"inLanguage\":\"en-US\"},{\"@type\":\"Organization\",\"@id\":\"https:\\\/\\\/proyector.info\\\/en\\\/#organization\",\"name\":\"PROYECTOR\",\"url\":\"https:\\\/\\\/proyector.info\\\/en\\\/\",\"logo\":{\"@type\":\"ImageObject\",\"inLanguage\":\"en-US\",\"@id\":\"https:\\\/\\\/proyector.info\\\/en\\\/#\\\/schema\\\/logo\\\/image\\\/\",\"url\":\"https:\\\/\\\/proyector.info\\\/wp-content\\\/uploads\\\/2025\\\/07\\\/cropped-proyector_icono.png\",\"contentUrl\":\"https:\\\/\\\/proyector.info\\\/wp-content\\\/uploads\\\/2025\\\/07\\\/cropped-proyector_icono.png\",\"width\":512,\"height\":512,\"caption\":\"PROYECTOR\"},\"image\":{\"@id\":\"https:\\\/\\\/proyector.info\\\/en\\\/#\\\/schema\\\/logo\\\/image\\\/\"},\"sameAs\":[\"https:\\\/\\\/www.facebook.com\\\/proyectorvideoartfestival\\\/\",\"https:\\\/\\\/x.com\\\/PROYECTOR_fest\",\"https:\\\/\\\/www.instagram.com\\\/proyector_videoartplatform\\\/\",\"https:\\\/\\\/www.tiktok.com\\\/@proyector_fest\",\"https:\\\/\\\/www.youtube.com\\\/user\\\/proyectorvideoart\",\"https:\\\/\\\/vimeo.com\\\/proyectorvideoart\",\"https:\\\/\\\/www.linkedin.com\\\/company\\\/proyector\\\/\"]},{\"@type\":\"Person\",\"@id\":\"https:\\\/\\\/proyector.info\\\/en\\\/#\\\/schema\\\/person\\\/13cea6acafbaf2f5d74c61e1c29e6034\",\"name\":\"proyector_admin\",\"image\":{\"@type\":\"ImageObject\",\"inLanguage\":\"en-US\",\"@id\":\"https:\\\/\\\/secure.gravatar.com\\\/avatar\\\/9b937505221297e25cefeb3c2d1f2aba5165355fb0778955fc209dc6b38729a3?s=96&d=mm&r=g\",\"url\":\"https:\\\/\\\/secure.gravatar.com\\\/avatar\\\/9b937505221297e25cefeb3c2d1f2aba5165355fb0778955fc209dc6b38729a3?s=96&d=mm&r=g\",\"contentUrl\":\"https:\\\/\\\/secure.gravatar.com\\\/avatar\\\/9b937505221297e25cefeb3c2d1f2aba5165355fb0778955fc209dc6b38729a3?s=96&d=mm&r=g\",\"caption\":\"proyector_admin\"},\"sameAs\":[\"https:\\\/\\\/proyector.info\"]}]}<\/script>\n<!-- \/ Yoast SEO plugin. -->","yoast_head_json":{"title":"Comisariado Internacionales - PROYECTOR","robots":{"index":"index","follow":"follow","max-snippet":"max-snippet:-1","max-image-preview":"max-image-preview:large","max-video-preview":"max-video-preview:-1"},"canonical":"https:\/\/proyector.info\/comisariado-internacionales-aguila-2018\/","og_locale":"en_US","og_type":"article","og_title":"Comisariado Internacionales - PROYECTOR","og_description":"Se muestran distintos comisariados de Festivales de relevancia internacional que forman parte de la RED PROYECTOR y colaboran con el","og_url":"https:\/\/proyector.info\/comisariado-internacionales-aguila-2018\/","og_site_name":"PROYECTOR","article_publisher":"https:\/\/www.facebook.com\/proyectorvideoartfestival\/","article_published_time":"2026-04-27T11:31:20+00:00","article_modified_time":"2026-04-27T21:44:25+00:00","og_image":[{"width":768,"height":512,"url":"https:\/\/proyector.info\/wp-content\/uploads\/2026\/04\/E-Ramirez-Arrive_without_knowing5-768x512-1.jpg","type":"image\/jpeg"}],"author":"proyector_admin","twitter_card":"summary_large_image","twitter_creator":"@PROYECTOR_fest","twitter_site":"@PROYECTOR_fest","twitter_misc":{"Written by":"proyector_admin","Est. reading time":"5 minutes"},"schema":{"@context":"https:\/\/schema.org","@graph":[{"@type":"Article","@id":"https:\/\/proyector.info\/comisariado-internacionales-aguila-2018\/#article","isPartOf":{"@id":"https:\/\/proyector.info\/comisariado-internacionales-aguila-2018\/"},"author":{"name":"proyector_admin","@id":"https:\/\/proyector.info\/en\/#\/schema\/person\/13cea6acafbaf2f5d74c61e1c29e6034"},"headline":"Comisariado Internacionales","datePublished":"2026-04-27T11:31:20+00:00","dateModified":"2026-04-27T21:44:25+00:00","mainEntityOfPage":{"@id":"https:\/\/proyector.info\/comisariado-internacionales-aguila-2018\/"},"wordCount":911,"publisher":{"@id":"https:\/\/proyector.info\/en\/#organization"},"image":{"@id":"https:\/\/proyector.info\/comisariado-internacionales-aguila-2018\/#primaryimage"},"thumbnailUrl":"https:\/\/proyector.info\/wp-content\/uploads\/2026\/04\/E-Ramirez-Arrive_without_knowing5-768x512-1.jpg","inLanguage":"en-US"},{"@type":"WebPage","@id":"https:\/\/proyector.info\/comisariado-internacionales-aguila-2018\/","url":"https:\/\/proyector.info\/comisariado-internacionales-aguila-2018\/","name":"Comisariado Internacionales - PROYECTOR","isPartOf":{"@id":"https:\/\/proyector.info\/en\/#website"},"primaryImageOfPage":{"@id":"https:\/\/proyector.info\/comisariado-internacionales-aguila-2018\/#primaryimage"},"image":{"@id":"https:\/\/proyector.info\/comisariado-internacionales-aguila-2018\/#primaryimage"},"thumbnailUrl":"https:\/\/proyector.info\/wp-content\/uploads\/2026\/04\/E-Ramirez-Arrive_without_knowing5-768x512-1.jpg","datePublished":"2026-04-27T11:31:20+00:00","dateModified":"2026-04-27T21:44:25+00:00","breadcrumb":{"@id":"https:\/\/proyector.info\/comisariado-internacionales-aguila-2018\/#breadcrumb"},"inLanguage":"en-US","potentialAction":[{"@type":"ReadAction","target":["https:\/\/proyector.info\/comisariado-internacionales-aguila-2018\/"]}]},{"@type":"ImageObject","inLanguage":"en-US","@id":"https:\/\/proyector.info\/comisariado-internacionales-aguila-2018\/#primaryimage","url":"https:\/\/proyector.info\/wp-content\/uploads\/2026\/04\/E-Ramirez-Arrive_without_knowing5-768x512-1.jpg","contentUrl":"https:\/\/proyector.info\/wp-content\/uploads\/2026\/04\/E-Ramirez-Arrive_without_knowing5-768x512-1.jpg","width":768,"height":512},{"@type":"BreadcrumbList","@id":"https:\/\/proyector.info\/comisariado-internacionales-aguila-2018\/#breadcrumb","itemListElement":[{"@type":"ListItem","position":1,"name":"Portada","item":"https:\/\/proyector.info\/en\/"},{"@type":"ListItem","position":2,"name":"Comisariado Internacionales"}]},{"@type":"WebSite","@id":"https:\/\/proyector.info\/en\/#website","url":"https:\/\/proyector.info\/en\/","name":"PROYECTOR","description":"Plataforma de Imagen en Movimiento","publisher":{"@id":"https:\/\/proyector.info\/en\/#organization"},"potentialAction":[{"@type":"SearchAction","target":{"@type":"EntryPoint","urlTemplate":"https:\/\/proyector.info\/en\/?s={search_term_string}"},"query-input":{"@type":"PropertyValueSpecification","valueRequired":true,"valueName":"search_term_string"}}],"inLanguage":"en-US"},{"@type":"Organization","@id":"https:\/\/proyector.info\/en\/#organization","name":"PROYECTOR","url":"https:\/\/proyector.info\/en\/","logo":{"@type":"ImageObject","inLanguage":"en-US","@id":"https:\/\/proyector.info\/en\/#\/schema\/logo\/image\/","url":"https:\/\/proyector.info\/wp-content\/uploads\/2025\/07\/cropped-proyector_icono.png","contentUrl":"https:\/\/proyector.info\/wp-content\/uploads\/2025\/07\/cropped-proyector_icono.png","width":512,"height":512,"caption":"PROYECTOR"},"image":{"@id":"https:\/\/proyector.info\/en\/#\/schema\/logo\/image\/"},"sameAs":["https:\/\/www.facebook.com\/proyectorvideoartfestival\/","https:\/\/x.com\/PROYECTOR_fest","https:\/\/www.instagram.com\/proyector_videoartplatform\/","https:\/\/www.tiktok.com\/@proyector_fest","https:\/\/www.youtube.com\/user\/proyectorvideoart","https:\/\/vimeo.com\/proyectorvideoart","https:\/\/www.linkedin.com\/company\/proyector\/"]},{"@type":"Person","@id":"https:\/\/proyector.info\/en\/#\/schema\/person\/13cea6acafbaf2f5d74c61e1c29e6034","name":"proyector_admin","image":{"@type":"ImageObject","inLanguage":"en-US","@id":"https:\/\/secure.gravatar.com\/avatar\/9b937505221297e25cefeb3c2d1f2aba5165355fb0778955fc209dc6b38729a3?s=96&d=mm&r=g","url":"https:\/\/secure.gravatar.com\/avatar\/9b937505221297e25cefeb3c2d1f2aba5165355fb0778955fc209dc6b38729a3?s=96&d=mm&r=g","contentUrl":"https:\/\/secure.gravatar.com\/avatar\/9b937505221297e25cefeb3c2d1f2aba5165355fb0778955fc209dc6b38729a3?s=96&d=mm&r=g","caption":"proyector_admin"},"sameAs":["https:\/\/proyector.info"]}]}},"jetpack_featured_media_url":"https:\/\/proyector.info\/wp-content\/uploads\/2026\/04\/E-Ramirez-Arrive_without_knowing5-768x512-1.jpg","wps_subtitle":"","_links":{"self":[{"href":"https:\/\/proyector.info\/en\/wp-json\/wp\/v2\/posts\/21621","targetHints":{"allow":["GET"]}}],"collection":[{"href":"https:\/\/proyector.info\/en\/wp-json\/wp\/v2\/posts"}],"about":[{"href":"https:\/\/proyector.info\/en\/wp-json\/wp\/v2\/types\/post"}],"author":[{"embeddable":true,"href":"https:\/\/proyector.info\/en\/wp-json\/wp\/v2\/users\/1"}],"replies":[{"embeddable":true,"href":"https:\/\/proyector.info\/en\/wp-json\/wp\/v2\/comments?post=21621"}],"version-history":[{"count":2,"href":"https:\/\/proyector.info\/en\/wp-json\/wp\/v2\/posts\/21621\/revisions"}],"predecessor-version":[{"id":21627,"href":"https:\/\/proyector.info\/en\/wp-json\/wp\/v2\/posts\/21621\/revisions\/21627"}],"wp:featuredmedia":[{"embeddable":true,"href":"https:\/\/proyector.info\/en\/wp-json\/wp\/v2\/media\/21624"}],"wp:attachment":[{"href":"https:\/\/proyector.info\/en\/wp-json\/wp\/v2\/media?parent=21621"}],"wp:term":[{"taxonomy":"category","embeddable":true,"href":"https:\/\/proyector.info\/en\/wp-json\/wp\/v2\/categories?post=21621"},{"taxonomy":"post_tag","embeddable":true,"href":"https:\/\/proyector.info\/en\/wp-json\/wp\/v2\/tags?post=21621"},{"taxonomy":"event","embeddable":true,"href":"https:\/\/proyector.info\/en\/wp-json\/wp\/v2\/event?post=21621"},{"taxonomy":"venue","embeddable":true,"href":"https:\/\/proyector.info\/en\/wp-json\/wp\/v2\/venue?post=21621"}],"curies":[{"name":"wp","href":"https:\/\/api.w.org\/{rel}","templated":true}]}}