{"id":21016,"date":"2026-04-25T16:49:09","date_gmt":"2026-04-25T14:49:09","guid":{"rendered":"https:\/\/proyector.info\/?p=21016"},"modified":"2026-04-26T17:13:35","modified_gmt":"2026-04-26T15:13:35","slug":"lap-i-taller-camara-oscura-con-magiae-naturalis","status":"publish","type":"post","link":"https:\/\/proyector.info\/en\/lap-i-taller-camara-oscura-con-magiae-naturalis\/","title":{"rendered":"LAP I: C\u00e1mara Oscura"},"content":{"rendered":"\n<p class=\"wp-block-paragraph\">El nombre c\u00e1mara oscura (del lat\u00edn camera obscura) fue acu\u00f1ado por Johannes Kepler en su tratado Ad Vitellionem Paralipomena de 1604. En \u00e9l, expone el funcionamiento de la c\u00e1mara oscura que servir\u00e1 para desarrollar el invento del telescopio. Consiste b\u00e1sicamente en un habit\u00e1culo asilado a la luz en el cual por un peque\u00f1o agujero entra un rayo de luz procedente del exterior, este rayo proyectado en la pared producir\u00e1 una imagen invertida del exterior. Estas c\u00e1maras oscuras originales (c\u00e1maras estenopeicas) fueron desarrolladas adaptando al estenopo lentes. La principal caracter\u00edstica de incluir este elemento \u00f3ptico es que nos lleva inevitablemente a hablar de planos de proyecci\u00f3n, distancias focales, diafragmas, profundidad de campo\u2026.<\/p>\n\n\n\n<p class=\"wp-block-paragraph\">Desde Magiae Naturalis proponemos un taller de construcci\u00f3n y desarrollo de c\u00e1maras oscuras para toda la familia. De forma l\u00fadica y divertida realizaremos una introducci\u00f3n al funcionamiento, mec\u00e1nica y desarrollo de la c\u00e1mara. Los asistentes podr\u00e1n comprender el origen, principios b\u00e1sicos y naturaleza de los dispositivos \u00f3pticos mediante la utilizaci\u00f3n de maquetas que mostraremos en primicia para esta ocasi\u00f3n.<\/p>\n\n\n\n<p class=\"wp-block-paragraph\">Con nuestra ayuda, y de un modo sencillo, cada participante construir\u00e1 su propia c\u00e1mara oscura.<br>Adem\u00e1s, combinaremos est\u00e1s con nuestros tel\u00e9fonos m\u00f3viles para realizar v\u00eddeos y fotograf\u00edas, y poder as\u00ed, conseguir im\u00e1genes con unos acabados realmente especiales, que nos remitir\u00e1n al origen de la fotograf\u00eda.<\/p>\n\n\n\n<p class=\"wp-block-paragraph\">Es una oportunidad para pasar un gran rato con tus hijos mientras todos aprendemos los principios b\u00e1sicos de la imagen, de la \u00f3ptica y de la fotograf\u00eda. Una manera muy diferente de realizar fotos y v\u00eddeos combinando la tecnolog\u00eda del dispositivo m\u00f3vil con las antiguas t\u00e9cnicas del origen de la fotograf\u00eda.<\/p>\n\n\n\n<figure class=\"wp-block-embed is-type-video is-provider-youtube wp-block-embed-youtube wp-embed-aspect-16-9 wp-has-aspect-ratio\"><div class=\"wp-block-embed__wrapper\">\n<iframe loading=\"lazy\" title=\"PROYECTOR2019. 15.09.2019. Taller Magiae Naturalis, Extensi\u00f3n AVAM y Comisariados II\" width=\"480\" height=\"270\" src=\"https:\/\/www.youtube.com\/embed\/8WpKlewQcd0?feature=oembed\" frameborder=\"0\" allow=\"accelerometer; autoplay; clipboard-write; encrypted-media; gyroscope; picture-in-picture; web-share\" referrerpolicy=\"strict-origin-when-cross-origin\" allowfullscreen><\/iframe>\n<\/div><\/figure>\n","protected":false},"excerpt":{"rendered":"<p>El nombre c\u00e1mara oscura (del lat\u00edn camera obscura) fue acu\u00f1ado por Johannes Kepler en su tratado Ad Vitellionem Paralipomena de<\/p>\n","protected":false},"author":1,"featured_media":21017,"comment_status":"closed","ping_status":"closed","sticky":false,"template":"","format":"standard","meta":{"footnotes":""},"categories":[],"tags":[],"event":[843],"venue":[739],"class_list":["post-21016","post","type-post","status-publish","format-standard","has-post-thumbnail","hentry","event-proyector-2019-es","venue-ccc-condeduque-es"],"yoast_head":"<!-- This site is optimized with the Yoast SEO plugin v27.4 - https:\/\/yoast.com\/product\/yoast-seo-wordpress\/ -->\n<title>LAP I: C\u00e1mara Oscura - PROYECTOR<\/title>\n<meta name=\"robots\" content=\"index, follow, max-snippet:-1, max-image-preview:large, max-video-preview:-1\" \/>\n<link rel=\"canonical\" href=\"https:\/\/proyector.info\/lap-i-taller-camara-oscura-con-magiae-naturalis\/\" \/>\n<meta property=\"og:locale\" content=\"en_US\" \/>\n<meta property=\"og:type\" content=\"article\" \/>\n<meta property=\"og:title\" content=\"LAP I: C\u00e1mara Oscura - PROYECTOR\" \/>\n<meta property=\"og:description\" content=\"El nombre c\u00e1mara oscura (del lat\u00edn camera obscura) fue acu\u00f1ado por Johannes Kepler en su tratado Ad Vitellionem Paralipomena de\" \/>\n<meta property=\"og:url\" content=\"https:\/\/proyector.info\/lap-i-taller-camara-oscura-con-magiae-naturalis\/\" \/>\n<meta property=\"og:site_name\" content=\"PROYECTOR\" \/>\n<meta property=\"article:publisher\" content=\"https:\/\/www.facebook.com\/proyectorvideoartfestival\/\" \/>\n<meta property=\"article:published_time\" content=\"2026-04-25T14:49:09+00:00\" \/>\n<meta property=\"article:modified_time\" content=\"2026-04-26T15:13:35+00:00\" \/>\n<meta property=\"og:image\" content=\"https:\/\/proyector.info\/wp-content\/uploads\/2026\/04\/camara-oscura-1160x1012-1.jpg\" \/>\n\t<meta property=\"og:image:width\" content=\"1160\" \/>\n\t<meta property=\"og:image:height\" content=\"1012\" \/>\n\t<meta property=\"og:image:type\" content=\"image\/jpeg\" \/>\n<meta name=\"author\" content=\"proyector_admin\" \/>\n<meta name=\"twitter:card\" content=\"summary_large_image\" \/>\n<meta name=\"twitter:creator\" content=\"@PROYECTOR_fest\" \/>\n<meta name=\"twitter:site\" content=\"@PROYECTOR_fest\" \/>\n<meta name=\"twitter:label1\" content=\"Written by\" \/>\n\t<meta name=\"twitter:data1\" content=\"proyector_admin\" \/>\n\t<meta name=\"twitter:label2\" content=\"Est. reading time\" \/>\n\t<meta name=\"twitter:data2\" content=\"2 minutes\" \/>\n<script type=\"application\/ld+json\" class=\"yoast-schema-graph\">{\"@context\":\"https:\\\/\\\/schema.org\",\"@graph\":[{\"@type\":\"Article\",\"@id\":\"https:\\\/\\\/proyector.info\\\/lap-i-taller-camara-oscura-con-magiae-naturalis\\\/#article\",\"isPartOf\":{\"@id\":\"https:\\\/\\\/proyector.info\\\/lap-i-taller-camara-oscura-con-magiae-naturalis\\\/\"},\"author\":{\"name\":\"proyector_admin\",\"@id\":\"https:\\\/\\\/proyector.info\\\/en\\\/#\\\/schema\\\/person\\\/13cea6acafbaf2f5d74c61e1c29e6034\"},\"headline\":\"LAP I: C\u00e1mara Oscura\",\"datePublished\":\"2026-04-25T14:49:09+00:00\",\"dateModified\":\"2026-04-26T15:13:35+00:00\",\"mainEntityOfPage\":{\"@id\":\"https:\\\/\\\/proyector.info\\\/lap-i-taller-camara-oscura-con-magiae-naturalis\\\/\"},\"wordCount\":315,\"publisher\":{\"@id\":\"https:\\\/\\\/proyector.info\\\/en\\\/#organization\"},\"image\":{\"@id\":\"https:\\\/\\\/proyector.info\\\/lap-i-taller-camara-oscura-con-magiae-naturalis\\\/#primaryimage\"},\"thumbnailUrl\":\"https:\\\/\\\/proyector.info\\\/wp-content\\\/uploads\\\/2026\\\/04\\\/camara-oscura-1160x1012-1.jpg\",\"inLanguage\":\"en-US\"},{\"@type\":\"WebPage\",\"@id\":\"https:\\\/\\\/proyector.info\\\/lap-i-taller-camara-oscura-con-magiae-naturalis\\\/\",\"url\":\"https:\\\/\\\/proyector.info\\\/lap-i-taller-camara-oscura-con-magiae-naturalis\\\/\",\"name\":\"LAP I: C\u00e1mara Oscura - PROYECTOR\",\"isPartOf\":{\"@id\":\"https:\\\/\\\/proyector.info\\\/en\\\/#website\"},\"primaryImageOfPage\":{\"@id\":\"https:\\\/\\\/proyector.info\\\/lap-i-taller-camara-oscura-con-magiae-naturalis\\\/#primaryimage\"},\"image\":{\"@id\":\"https:\\\/\\\/proyector.info\\\/lap-i-taller-camara-oscura-con-magiae-naturalis\\\/#primaryimage\"},\"thumbnailUrl\":\"https:\\\/\\\/proyector.info\\\/wp-content\\\/uploads\\\/2026\\\/04\\\/camara-oscura-1160x1012-1.jpg\",\"datePublished\":\"2026-04-25T14:49:09+00:00\",\"dateModified\":\"2026-04-26T15:13:35+00:00\",\"breadcrumb\":{\"@id\":\"https:\\\/\\\/proyector.info\\\/lap-i-taller-camara-oscura-con-magiae-naturalis\\\/#breadcrumb\"},\"inLanguage\":\"en-US\",\"potentialAction\":[{\"@type\":\"ReadAction\",\"target\":[\"https:\\\/\\\/proyector.info\\\/lap-i-taller-camara-oscura-con-magiae-naturalis\\\/\"]}]},{\"@type\":\"ImageObject\",\"inLanguage\":\"en-US\",\"@id\":\"https:\\\/\\\/proyector.info\\\/lap-i-taller-camara-oscura-con-magiae-naturalis\\\/#primaryimage\",\"url\":\"https:\\\/\\\/proyector.info\\\/wp-content\\\/uploads\\\/2026\\\/04\\\/camara-oscura-1160x1012-1.jpg\",\"contentUrl\":\"https:\\\/\\\/proyector.info\\\/wp-content\\\/uploads\\\/2026\\\/04\\\/camara-oscura-1160x1012-1.jpg\",\"width\":1160,\"height\":1012},{\"@type\":\"BreadcrumbList\",\"@id\":\"https:\\\/\\\/proyector.info\\\/lap-i-taller-camara-oscura-con-magiae-naturalis\\\/#breadcrumb\",\"itemListElement\":[{\"@type\":\"ListItem\",\"position\":1,\"name\":\"Portada\",\"item\":\"https:\\\/\\\/proyector.info\\\/en\\\/\"},{\"@type\":\"ListItem\",\"position\":2,\"name\":\"LAP I: C\u00e1mara Oscura\"}]},{\"@type\":\"WebSite\",\"@id\":\"https:\\\/\\\/proyector.info\\\/en\\\/#website\",\"url\":\"https:\\\/\\\/proyector.info\\\/en\\\/\",\"name\":\"PROYECTOR\",\"description\":\"Plataforma de Imagen en Movimiento\",\"publisher\":{\"@id\":\"https:\\\/\\\/proyector.info\\\/en\\\/#organization\"},\"potentialAction\":[{\"@type\":\"SearchAction\",\"target\":{\"@type\":\"EntryPoint\",\"urlTemplate\":\"https:\\\/\\\/proyector.info\\\/en\\\/?s={search_term_string}\"},\"query-input\":{\"@type\":\"PropertyValueSpecification\",\"valueRequired\":true,\"valueName\":\"search_term_string\"}}],\"inLanguage\":\"en-US\"},{\"@type\":\"Organization\",\"@id\":\"https:\\\/\\\/proyector.info\\\/en\\\/#organization\",\"name\":\"PROYECTOR\",\"url\":\"https:\\\/\\\/proyector.info\\\/en\\\/\",\"logo\":{\"@type\":\"ImageObject\",\"inLanguage\":\"en-US\",\"@id\":\"https:\\\/\\\/proyector.info\\\/en\\\/#\\\/schema\\\/logo\\\/image\\\/\",\"url\":\"https:\\\/\\\/proyector.info\\\/wp-content\\\/uploads\\\/2025\\\/07\\\/cropped-proyector_icono.png\",\"contentUrl\":\"https:\\\/\\\/proyector.info\\\/wp-content\\\/uploads\\\/2025\\\/07\\\/cropped-proyector_icono.png\",\"width\":512,\"height\":512,\"caption\":\"PROYECTOR\"},\"image\":{\"@id\":\"https:\\\/\\\/proyector.info\\\/en\\\/#\\\/schema\\\/logo\\\/image\\\/\"},\"sameAs\":[\"https:\\\/\\\/www.facebook.com\\\/proyectorvideoartfestival\\\/\",\"https:\\\/\\\/x.com\\\/PROYECTOR_fest\",\"https:\\\/\\\/www.instagram.com\\\/proyector_videoartplatform\\\/\",\"https:\\\/\\\/www.tiktok.com\\\/@proyector_fest\",\"https:\\\/\\\/www.youtube.com\\\/user\\\/proyectorvideoart\",\"https:\\\/\\\/vimeo.com\\\/proyectorvideoart\",\"https:\\\/\\\/www.linkedin.com\\\/company\\\/proyector\\\/\"]},{\"@type\":\"Person\",\"@id\":\"https:\\\/\\\/proyector.info\\\/en\\\/#\\\/schema\\\/person\\\/13cea6acafbaf2f5d74c61e1c29e6034\",\"name\":\"proyector_admin\",\"image\":{\"@type\":\"ImageObject\",\"inLanguage\":\"en-US\",\"@id\":\"https:\\\/\\\/secure.gravatar.com\\\/avatar\\\/9b937505221297e25cefeb3c2d1f2aba5165355fb0778955fc209dc6b38729a3?s=96&d=mm&r=g\",\"url\":\"https:\\\/\\\/secure.gravatar.com\\\/avatar\\\/9b937505221297e25cefeb3c2d1f2aba5165355fb0778955fc209dc6b38729a3?s=96&d=mm&r=g\",\"contentUrl\":\"https:\\\/\\\/secure.gravatar.com\\\/avatar\\\/9b937505221297e25cefeb3c2d1f2aba5165355fb0778955fc209dc6b38729a3?s=96&d=mm&r=g\",\"caption\":\"proyector_admin\"},\"sameAs\":[\"https:\\\/\\\/proyector.info\"]}]}<\/script>\n<!-- \/ Yoast SEO plugin. -->","yoast_head_json":{"title":"LAP I: C\u00e1mara Oscura - PROYECTOR","robots":{"index":"index","follow":"follow","max-snippet":"max-snippet:-1","max-image-preview":"max-image-preview:large","max-video-preview":"max-video-preview:-1"},"canonical":"https:\/\/proyector.info\/lap-i-taller-camara-oscura-con-magiae-naturalis\/","og_locale":"en_US","og_type":"article","og_title":"LAP I: C\u00e1mara Oscura - PROYECTOR","og_description":"El nombre c\u00e1mara oscura (del lat\u00edn camera obscura) fue acu\u00f1ado por Johannes Kepler en su tratado Ad Vitellionem Paralipomena de","og_url":"https:\/\/proyector.info\/lap-i-taller-camara-oscura-con-magiae-naturalis\/","og_site_name":"PROYECTOR","article_publisher":"https:\/\/www.facebook.com\/proyectorvideoartfestival\/","article_published_time":"2026-04-25T14:49:09+00:00","article_modified_time":"2026-04-26T15:13:35+00:00","og_image":[{"width":1160,"height":1012,"url":"https:\/\/proyector.info\/wp-content\/uploads\/2026\/04\/camara-oscura-1160x1012-1.jpg","type":"image\/jpeg"}],"author":"proyector_admin","twitter_card":"summary_large_image","twitter_creator":"@PROYECTOR_fest","twitter_site":"@PROYECTOR_fest","twitter_misc":{"Written by":"proyector_admin","Est. reading time":"2 minutes"},"schema":{"@context":"https:\/\/schema.org","@graph":[{"@type":"Article","@id":"https:\/\/proyector.info\/lap-i-taller-camara-oscura-con-magiae-naturalis\/#article","isPartOf":{"@id":"https:\/\/proyector.info\/lap-i-taller-camara-oscura-con-magiae-naturalis\/"},"author":{"name":"proyector_admin","@id":"https:\/\/proyector.info\/en\/#\/schema\/person\/13cea6acafbaf2f5d74c61e1c29e6034"},"headline":"LAP I: C\u00e1mara Oscura","datePublished":"2026-04-25T14:49:09+00:00","dateModified":"2026-04-26T15:13:35+00:00","mainEntityOfPage":{"@id":"https:\/\/proyector.info\/lap-i-taller-camara-oscura-con-magiae-naturalis\/"},"wordCount":315,"publisher":{"@id":"https:\/\/proyector.info\/en\/#organization"},"image":{"@id":"https:\/\/proyector.info\/lap-i-taller-camara-oscura-con-magiae-naturalis\/#primaryimage"},"thumbnailUrl":"https:\/\/proyector.info\/wp-content\/uploads\/2026\/04\/camara-oscura-1160x1012-1.jpg","inLanguage":"en-US"},{"@type":"WebPage","@id":"https:\/\/proyector.info\/lap-i-taller-camara-oscura-con-magiae-naturalis\/","url":"https:\/\/proyector.info\/lap-i-taller-camara-oscura-con-magiae-naturalis\/","name":"LAP I: C\u00e1mara Oscura - PROYECTOR","isPartOf":{"@id":"https:\/\/proyector.info\/en\/#website"},"primaryImageOfPage":{"@id":"https:\/\/proyector.info\/lap-i-taller-camara-oscura-con-magiae-naturalis\/#primaryimage"},"image":{"@id":"https:\/\/proyector.info\/lap-i-taller-camara-oscura-con-magiae-naturalis\/#primaryimage"},"thumbnailUrl":"https:\/\/proyector.info\/wp-content\/uploads\/2026\/04\/camara-oscura-1160x1012-1.jpg","datePublished":"2026-04-25T14:49:09+00:00","dateModified":"2026-04-26T15:13:35+00:00","breadcrumb":{"@id":"https:\/\/proyector.info\/lap-i-taller-camara-oscura-con-magiae-naturalis\/#breadcrumb"},"inLanguage":"en-US","potentialAction":[{"@type":"ReadAction","target":["https:\/\/proyector.info\/lap-i-taller-camara-oscura-con-magiae-naturalis\/"]}]},{"@type":"ImageObject","inLanguage":"en-US","@id":"https:\/\/proyector.info\/lap-i-taller-camara-oscura-con-magiae-naturalis\/#primaryimage","url":"https:\/\/proyector.info\/wp-content\/uploads\/2026\/04\/camara-oscura-1160x1012-1.jpg","contentUrl":"https:\/\/proyector.info\/wp-content\/uploads\/2026\/04\/camara-oscura-1160x1012-1.jpg","width":1160,"height":1012},{"@type":"BreadcrumbList","@id":"https:\/\/proyector.info\/lap-i-taller-camara-oscura-con-magiae-naturalis\/#breadcrumb","itemListElement":[{"@type":"ListItem","position":1,"name":"Portada","item":"https:\/\/proyector.info\/en\/"},{"@type":"ListItem","position":2,"name":"LAP I: C\u00e1mara Oscura"}]},{"@type":"WebSite","@id":"https:\/\/proyector.info\/en\/#website","url":"https:\/\/proyector.info\/en\/","name":"PROYECTOR","description":"Plataforma de Imagen en Movimiento","publisher":{"@id":"https:\/\/proyector.info\/en\/#organization"},"potentialAction":[{"@type":"SearchAction","target":{"@type":"EntryPoint","urlTemplate":"https:\/\/proyector.info\/en\/?s={search_term_string}"},"query-input":{"@type":"PropertyValueSpecification","valueRequired":true,"valueName":"search_term_string"}}],"inLanguage":"en-US"},{"@type":"Organization","@id":"https:\/\/proyector.info\/en\/#organization","name":"PROYECTOR","url":"https:\/\/proyector.info\/en\/","logo":{"@type":"ImageObject","inLanguage":"en-US","@id":"https:\/\/proyector.info\/en\/#\/schema\/logo\/image\/","url":"https:\/\/proyector.info\/wp-content\/uploads\/2025\/07\/cropped-proyector_icono.png","contentUrl":"https:\/\/proyector.info\/wp-content\/uploads\/2025\/07\/cropped-proyector_icono.png","width":512,"height":512,"caption":"PROYECTOR"},"image":{"@id":"https:\/\/proyector.info\/en\/#\/schema\/logo\/image\/"},"sameAs":["https:\/\/www.facebook.com\/proyectorvideoartfestival\/","https:\/\/x.com\/PROYECTOR_fest","https:\/\/www.instagram.com\/proyector_videoartplatform\/","https:\/\/www.tiktok.com\/@proyector_fest","https:\/\/www.youtube.com\/user\/proyectorvideoart","https:\/\/vimeo.com\/proyectorvideoart","https:\/\/www.linkedin.com\/company\/proyector\/"]},{"@type":"Person","@id":"https:\/\/proyector.info\/en\/#\/schema\/person\/13cea6acafbaf2f5d74c61e1c29e6034","name":"proyector_admin","image":{"@type":"ImageObject","inLanguage":"en-US","@id":"https:\/\/secure.gravatar.com\/avatar\/9b937505221297e25cefeb3c2d1f2aba5165355fb0778955fc209dc6b38729a3?s=96&d=mm&r=g","url":"https:\/\/secure.gravatar.com\/avatar\/9b937505221297e25cefeb3c2d1f2aba5165355fb0778955fc209dc6b38729a3?s=96&d=mm&r=g","contentUrl":"https:\/\/secure.gravatar.com\/avatar\/9b937505221297e25cefeb3c2d1f2aba5165355fb0778955fc209dc6b38729a3?s=96&d=mm&r=g","caption":"proyector_admin"},"sameAs":["https:\/\/proyector.info"]}]}},"jetpack_featured_media_url":"https:\/\/proyector.info\/wp-content\/uploads\/2026\/04\/camara-oscura-1160x1012-1.jpg","wps_subtitle":"Taller con Magiae Naturalis","_links":{"self":[{"href":"https:\/\/proyector.info\/en\/wp-json\/wp\/v2\/posts\/21016","targetHints":{"allow":["GET"]}}],"collection":[{"href":"https:\/\/proyector.info\/en\/wp-json\/wp\/v2\/posts"}],"about":[{"href":"https:\/\/proyector.info\/en\/wp-json\/wp\/v2\/types\/post"}],"author":[{"embeddable":true,"href":"https:\/\/proyector.info\/en\/wp-json\/wp\/v2\/users\/1"}],"replies":[{"embeddable":true,"href":"https:\/\/proyector.info\/en\/wp-json\/wp\/v2\/comments?post=21016"}],"version-history":[{"count":3,"href":"https:\/\/proyector.info\/en\/wp-json\/wp\/v2\/posts\/21016\/revisions"}],"predecessor-version":[{"id":21491,"href":"https:\/\/proyector.info\/en\/wp-json\/wp\/v2\/posts\/21016\/revisions\/21491"}],"wp:featuredmedia":[{"embeddable":true,"href":"https:\/\/proyector.info\/en\/wp-json\/wp\/v2\/media\/21017"}],"wp:attachment":[{"href":"https:\/\/proyector.info\/en\/wp-json\/wp\/v2\/media?parent=21016"}],"wp:term":[{"taxonomy":"category","embeddable":true,"href":"https:\/\/proyector.info\/en\/wp-json\/wp\/v2\/categories?post=21016"},{"taxonomy":"post_tag","embeddable":true,"href":"https:\/\/proyector.info\/en\/wp-json\/wp\/v2\/tags?post=21016"},{"taxonomy":"event","embeddable":true,"href":"https:\/\/proyector.info\/en\/wp-json\/wp\/v2\/event?post=21016"},{"taxonomy":"venue","embeddable":true,"href":"https:\/\/proyector.info\/en\/wp-json\/wp\/v2\/venue?post=21016"}],"curies":[{"name":"wp","href":"https:\/\/api.w.org\/{rel}","templated":true}]}}